{"id":277,"date":"2025-09-15T09:53:35","date_gmt":"2025-09-15T07:53:35","guid":{"rendered":"https:\/\/vallivaldesi.chiesavaldese.org\/villar-pellice\/?p=277"},"modified":"2025-09-15T09:53:36","modified_gmt":"2025-09-15T07:53:36","slug":"spettacolo-il-corbaccio","status":"publish","type":"post","link":"https:\/\/vallivaldesi.chiesavaldese.org\/villar-pellice\/2025\/09\/15\/spettacolo-il-corbaccio\/","title":{"rendered":"Spettacolo &#8220;Il corbaccio&#8221;"},"content":{"rendered":"\n<p>La Chiesa Valdese di Villar Pellice presenta venerd\u00ec 26 settembre lo spettacolo del Teatro Variabile 5 &#8220;Il corbaccio&#8221; alle ore 21 presso la Sala Polivalente. <br>Con Carlo Curto, Fiammetta Gullo, Katia Malan e Alberto Rocca. Da un testo di Andrea Salusso con la regia di Gianni Bissaca. <br>Allestimento e luci Piermario Sapp\u00e8, suoni Estelle Fornerone. Ingresso a offerta libera. <\/p>\n\n\n\n<p>Lo spettacolo parla di migrazioni dal punto di vista di una comunit\u00e0 coinvolta: in scena ci sono quattro attori che provano ad immaginare cosa potrebbe succedere se qui, oggi, in questo nostro bel paese, grande o piccolo che sia, per sventura capitasse un &#8220;signore siffatto&#8221;: un &#8220;corbaccio. C&#8217;\u00e8 un paese preda del timore e del sospetto; c&#8217;\u00e8 una sindaca che vuole fare e non sa a che santo raccomandarsi; ci sono gli esperti chiamati a illuminarci sullo strano caso; c&#8217;\u00e8 un&#8217;anziana rammendatrice incaricata dal comune di vestire adeguatamente il malcapitato e due sorveglianti che lo tengono d&#8217;occhio a debita distanza. C&#8217;\u00e8 una radio locale, il comitato Noi stiamo con gli angeli, le Ronde anti uomini alati, e tante, tante voci che corrono. E infine c&#8217;\u00e8 lui, il Corbaccio, sotto osservazione in localit\u00e0 segreta, di cui tutti parlano, che nessuno sa chi \u00e8, e che tutti fanno di tutto per non vedere.<\/p>\n","protected":false},"excerpt":{"rendered":"<p>Venerd\u00ec 26 settembre spettacolo &#8220;Il Corbaccio&#8221; alla sala polivalente di Villar Pellice<\/p>\n","protected":false},"author":4,"featured_media":278,"comment_status":"open","ping_status":"open","sticky":false,"template":"","format":"standard","meta":{"_jetpack_memberships_contains_paid_content":false,"footnotes":""},"categories":[4],"tags":[19,16,18,10],"class_list":["post-277","post","type-post","status-publish","format-standard","has-post-thumbnail","hentry","category-appuntamenti","tag-chiesa-valdese","tag-corbaccio","tag-spettacolo-teatrale","tag-villar-pellice"],"jetpack_featured_media_url":"https:\/\/vallivaldesi.chiesavaldese.org\/villar-pellice\/wp-content\/uploads\/sites\/16\/2025\/09\/WhatsApp-Image-2025-09-09-at-16.24.33.jpeg","jetpack_sharing_enabled":true,"_links":{"self":[{"href":"https:\/\/vallivaldesi.chiesavaldese.org\/villar-pellice\/wp-json\/wp\/v2\/posts\/277","targetHints":{"allow":["GET"]}}],"collection":[{"href":"https:\/\/vallivaldesi.chiesavaldese.org\/villar-pellice\/wp-json\/wp\/v2\/posts"}],"about":[{"href":"https:\/\/vallivaldesi.chiesavaldese.org\/villar-pellice\/wp-json\/wp\/v2\/types\/post"}],"author":[{"embeddable":true,"href":"https:\/\/vallivaldesi.chiesavaldese.org\/villar-pellice\/wp-json\/wp\/v2\/users\/4"}],"replies":[{"embeddable":true,"href":"https:\/\/vallivaldesi.chiesavaldese.org\/villar-pellice\/wp-json\/wp\/v2\/comments?post=277"}],"version-history":[{"count":1,"href":"https:\/\/vallivaldesi.chiesavaldese.org\/villar-pellice\/wp-json\/wp\/v2\/posts\/277\/revisions"}],"predecessor-version":[{"id":279,"href":"https:\/\/vallivaldesi.chiesavaldese.org\/villar-pellice\/wp-json\/wp\/v2\/posts\/277\/revisions\/279"}],"wp:featuredmedia":[{"embeddable":true,"href":"https:\/\/vallivaldesi.chiesavaldese.org\/villar-pellice\/wp-json\/wp\/v2\/media\/278"}],"wp:attachment":[{"href":"https:\/\/vallivaldesi.chiesavaldese.org\/villar-pellice\/wp-json\/wp\/v2\/media?parent=277"}],"wp:term":[{"taxonomy":"category","embeddable":true,"href":"https:\/\/vallivaldesi.chiesavaldese.org\/villar-pellice\/wp-json\/wp\/v2\/categories?post=277"},{"taxonomy":"post_tag","embeddable":true,"href":"https:\/\/vallivaldesi.chiesavaldese.org\/villar-pellice\/wp-json\/wp\/v2\/tags?post=277"}],"curies":[{"name":"wp","href":"https:\/\/api.w.org\/{rel}","templated":true}]}}