{"id":273,"date":"2025-07-15T11:56:09","date_gmt":"2025-07-15T09:56:09","guid":{"rendered":"https:\/\/vallivaldesi.chiesavaldese.org\/villar-pellice\/?p=273"},"modified":"2025-07-15T11:58:42","modified_gmt":"2025-07-15T09:58:42","slug":"giornata-della-casa-miramonti-a-villar-pellice","status":"publish","type":"post","link":"https:\/\/vallivaldesi.chiesavaldese.org\/villar-pellice\/2025\/07\/15\/giornata-della-casa-miramonti-a-villar-pellice\/","title":{"rendered":"Giornata della casa Miramonti a Villar Pellice"},"content":{"rendered":"\n<p>Domenica 10 agosto, dalle 9 alle 18, si svolger\u00e0 la Giornata di festa della <strong>casa Miramonti<\/strong>, casa valdese per anziani in Viale 1 maggio. <\/p>\n\n\n\n<p>Alle ore 10 culto nel giardino della casa, con predicazione del pastore Eugenio Bernardini. <\/p>\n\n\n\n<p>A partire dalle ore 12 sar\u00e0 possibile pranzare in loco (\u00e8 gradita la prenotazione entro<br>venerd\u00ec 8 agosto al numero 0121-930900). E\u2019 anche possibile acquistare vari piatti da asporto.<\/p>\n\n\n\n<p>Per tutta la giornata stand con dolci, aperitivo e bibite, caff\u00e8, abiti e oggetti usati, pesca per piccoli e grandi. <br>Alle 16,30 estrazione dei biglietti della sottoscrizione a premi.<\/p>\n","protected":false},"excerpt":{"rendered":"<p>Domenica 10 agosto Giornata di festa della casa Miramonti<\/p>\n","protected":false},"author":4,"featured_media":274,"comment_status":"open","ping_status":"open","sticky":false,"template":"","format":"standard","meta":{"_jetpack_memberships_contains_paid_content":false,"footnotes":""},"categories":[4],"tags":[14,15,10],"class_list":["post-273","post","type-post","status-publish","format-standard","has-post-thumbnail","hentry","category-appuntamenti","tag-casa-miramonti","tag-festa","tag-villar-pellice"],"jetpack_featured_media_url":"https:\/\/vallivaldesi.chiesavaldese.org\/villar-pellice\/wp-content\/uploads\/sites\/16\/2025\/07\/LOCANDINA-GIORNATA-MIRAMONTI-2025-pdf.jpg","jetpack_sharing_enabled":true,"_links":{"self":[{"href":"https:\/\/vallivaldesi.chiesavaldese.org\/villar-pellice\/wp-json\/wp\/v2\/posts\/273","targetHints":{"allow":["GET"]}}],"collection":[{"href":"https:\/\/vallivaldesi.chiesavaldese.org\/villar-pellice\/wp-json\/wp\/v2\/posts"}],"about":[{"href":"https:\/\/vallivaldesi.chiesavaldese.org\/villar-pellice\/wp-json\/wp\/v2\/types\/post"}],"author":[{"embeddable":true,"href":"https:\/\/vallivaldesi.chiesavaldese.org\/villar-pellice\/wp-json\/wp\/v2\/users\/4"}],"replies":[{"embeddable":true,"href":"https:\/\/vallivaldesi.chiesavaldese.org\/villar-pellice\/wp-json\/wp\/v2\/comments?post=273"}],"version-history":[{"count":2,"href":"https:\/\/vallivaldesi.chiesavaldese.org\/villar-pellice\/wp-json\/wp\/v2\/posts\/273\/revisions"}],"predecessor-version":[{"id":276,"href":"https:\/\/vallivaldesi.chiesavaldese.org\/villar-pellice\/wp-json\/wp\/v2\/posts\/273\/revisions\/276"}],"wp:featuredmedia":[{"embeddable":true,"href":"https:\/\/vallivaldesi.chiesavaldese.org\/villar-pellice\/wp-json\/wp\/v2\/media\/274"}],"wp:attachment":[{"href":"https:\/\/vallivaldesi.chiesavaldese.org\/villar-pellice\/wp-json\/wp\/v2\/media?parent=273"}],"wp:term":[{"taxonomy":"category","embeddable":true,"href":"https:\/\/vallivaldesi.chiesavaldese.org\/villar-pellice\/wp-json\/wp\/v2\/categories?post=273"},{"taxonomy":"post_tag","embeddable":true,"href":"https:\/\/vallivaldesi.chiesavaldese.org\/villar-pellice\/wp-json\/wp\/v2\/tags?post=273"}],"curies":[{"name":"wp","href":"https:\/\/api.w.org\/{rel}","templated":true}]}}