{"id":92,"date":"2022-01-28T18:20:38","date_gmt":"2022-01-28T17:20:38","guid":{"rendered":"https:\/\/vallivaldesi.chiesavaldese.org\/san-secondo\/?p=92"},"modified":"2022-01-28T20:12:34","modified_gmt":"2022-01-28T19:12:34","slug":"la-chiesa-ce-e-noi-ci-siamo","status":"publish","type":"post","link":"https:\/\/vallivaldesi.chiesavaldese.org\/san-secondo\/2022\/01\/28\/la-chiesa-ce-e-noi-ci-siamo\/","title":{"rendered":"La chiesa c&#8217;\u00e8 e noi ci siamo"},"content":{"rendered":"\n<p>Con queste parole, ben 23 mesi fa, iniziavamo la prima delle molte lettere e circolari che abbiamo dovuto scrivere in tempo di emergenza Covid. Emergenza che, purtroppo si sta ripresentando. E&#8217; stato, ed \u00e8, un periodo difficile, abbiamo dovuto chiudere delle attivit\u00e0 e sospendere dei contatti umani. In ottobre abbiamo per\u00f2 potuto riprendere le attivit\u00e0 normalmente. Visti i posti limitati, la festa dell&#8217;albero di Natale si \u00e8 tenuta nella sala, con posti prenotati, e solo per la scuola domenicale. Ma questo ci ha permesso di coinvolgere, nel periodo di Avvento, una volta il precatechismo e un&#8217;altra il catechismo nei culti in cui hanno presentato loro animazioni, hanno curato le letture e alcuni interludi musicali. Sempre a dicembre, i precatecumeni hanno curato per Radio Beckwith le letture per la rubrica quotidiana \u201cL&#8217;ascolto che ci unisce\u201d.<\/p>\n\n\n\n<p>Siamo grati per essere riusciti, dopo quasi due anni, a proporre nuovamente ai ragazzi, e con loro alla comunit\u00e0, simili momenti di aggregazione (anche se limitata) e riflessione.<\/p>\n\n\n\n<p>Anzi, proprio alla luce di queste esperienze positive, che ci hanno dimostrato la possibilit\u00e0 di proporre ai ragazzi la realizzazione di testi animati e piccole scenette, nonostante il Covid, le mascherine, i distanziamenti&#8230; stiamo lavorando per costruire con i pre- e catecumeni altri piccoli momenti da condividere con la comunit\u00e0.<\/p>\n\n\n\n<p>Al momento in cui scriviamo, e ci auguriamo solo fino al 17 febbraio, abbiamo dovuto sospendere la scuola domenicale e ricominciare i catechismi a distanza, ed abbiamo sospeso, sempre temporaneamente, corale, prove della filodrammatica ed Unione Femminile. I culti continuano ad essere tenuti regolarmente.<\/p>\n\n\n\n<p>Qualora riprendessimo alcune attivit\u00e0 in anticipo, chi ne fa parte verr\u00e0 avvisato.<\/p>\n\n\n\n<p>Inoltre il pastore continua a curare quasi ininterrottamente, ogni sera e da 23 mesi, una rubrica serale: \u201cParole di luce\u201d trasmessa sulla pagina Facebook della nostra chiesa e inviata via Whatsapp. Ogni mattina, sempre sulla nostra pagina Facebook, la rubrica \u201cLeggendo la Parola\u201d propone una lettura continua della Bibbia. Inoltre continua la nostra collaborazione a Radio Beckwith per le meditazioni quotidiane e i culti settimanali da essa trasmessi.<\/p>\n","protected":false},"excerpt":{"rendered":"<p>Con queste parole, ben 23 mesi fa, iniziavamo la prima delle molte lettere e circolari che abbiamo dovuto scrivere in tempo di emergenza Covid. Emergenza che, purtroppo si sta ripresentando.<\/p>\n","protected":false},"author":13,"featured_media":94,"comment_status":"open","ping_status":"open","sticky":false,"template":"","format":"standard","meta":{"_jetpack_memberships_contains_paid_content":false,"footnotes":""},"categories":[12],"tags":[],"class_list":["post-92","post","type-post","status-publish","format-standard","has-post-thumbnail","hentry","category-notizie"],"jetpack_featured_media_url":"https:\/\/vallivaldesi.chiesavaldese.org\/san-secondo\/wp-content\/uploads\/sites\/14\/2022\/01\/falo.jpg","jetpack_sharing_enabled":true,"_links":{"self":[{"href":"https:\/\/vallivaldesi.chiesavaldese.org\/san-secondo\/wp-json\/wp\/v2\/posts\/92","targetHints":{"allow":["GET"]}}],"collection":[{"href":"https:\/\/vallivaldesi.chiesavaldese.org\/san-secondo\/wp-json\/wp\/v2\/posts"}],"about":[{"href":"https:\/\/vallivaldesi.chiesavaldese.org\/san-secondo\/wp-json\/wp\/v2\/types\/post"}],"author":[{"embeddable":true,"href":"https:\/\/vallivaldesi.chiesavaldese.org\/san-secondo\/wp-json\/wp\/v2\/users\/13"}],"replies":[{"embeddable":true,"href":"https:\/\/vallivaldesi.chiesavaldese.org\/san-secondo\/wp-json\/wp\/v2\/comments?post=92"}],"version-history":[{"count":2,"href":"https:\/\/vallivaldesi.chiesavaldese.org\/san-secondo\/wp-json\/wp\/v2\/posts\/92\/revisions"}],"predecessor-version":[{"id":99,"href":"https:\/\/vallivaldesi.chiesavaldese.org\/san-secondo\/wp-json\/wp\/v2\/posts\/92\/revisions\/99"}],"wp:featuredmedia":[{"embeddable":true,"href":"https:\/\/vallivaldesi.chiesavaldese.org\/san-secondo\/wp-json\/wp\/v2\/media\/94"}],"wp:attachment":[{"href":"https:\/\/vallivaldesi.chiesavaldese.org\/san-secondo\/wp-json\/wp\/v2\/media?parent=92"}],"wp:term":[{"taxonomy":"category","embeddable":true,"href":"https:\/\/vallivaldesi.chiesavaldese.org\/san-secondo\/wp-json\/wp\/v2\/categories?post=92"},{"taxonomy":"post_tag","embeddable":true,"href":"https:\/\/vallivaldesi.chiesavaldese.org\/san-secondo\/wp-json\/wp\/v2\/tags?post=92"}],"curies":[{"name":"wp","href":"https:\/\/api.w.org\/{rel}","templated":true}]}}