{"id":84,"date":"2021-12-28T18:21:42","date_gmt":"2021-12-28T17:21:42","guid":{"rendered":"https:\/\/vallivaldesi.chiesavaldese.org\/san-secondo\/?p=84"},"modified":"2021-12-28T18:21:42","modified_gmt":"2021-12-28T17:21:42","slug":"un-messaggio-per-natale","status":"publish","type":"post","link":"https:\/\/vallivaldesi.chiesavaldese.org\/san-secondo\/2021\/12\/28\/un-messaggio-per-natale\/","title":{"rendered":"Un messaggio per Natale"},"content":{"rendered":"\n<p><em>Ma Ges\u00f9 ad alta voce esclam\u00f2: \u00abChi crede in me, crede non in me, ma in colui che mi ha mandato; e chi vede me, vede colui che mi ha mandato. Io son venuto come luce nel mondo, affinch\u00e9 chiunque crede in me non rimanga nelle tenebre. Se uno ode le mie parole e non le osserva, io non lo giudico; perch\u00e9 io non son venuto a giudicare il mondo, ma a salvare il mondo. (Giovanni 12, 44-47)<\/em><\/p>\n\n\n\n<p>Vicino al Natale sentiamo con intensit\u00e0 il bisogno di Parole che siano di sostegno e di consolazione, ma anche di luce sul presente, su noi stessi e sul nostro futuro. Da ormai due anni viviamo una situazione di incertezza e tensione dovuta al Covid, possiamo ancora sperare? Si, perch\u00e9:<\/p>\n\n\n\n<p><strong>Ges\u00f9 \u00e8 venuto per darci una migliore visione della nostra vita e del nostro mondo.<\/strong><\/p>\n\n\n\n<p>Anche se siamo minacciati da tenebre di ogni tipo: economiche, ecologiche, sociali e sanitarie, come credenti possiamo continuare a pensare che questa vita possa comunque riservarci qualcosa di positivo. Il Cristo ci invita a non farci imprigionare dal buio senza uscita del pessimismo e della disperazione. Anzi ci invita a guardare a Lui per trovare sempre nuova occasione per vivere la nostra esistenza anche con la gioia di chi sa che la sua speranza viene da Dio e nulla potr\u00e0 mai togliercela. Anche nel mondo in cui tutto appare incerto e avvolto dal buio, noi sappiamo di avere una luce che illumina il nostro cammino.<\/p>\n\n\n\n<p><strong>Ges\u00f9 \u00e8 venuto per farci capire chi siamo davvero.<\/strong><\/p>\n\n\n\n<p>Siamo e restiamo persone facile preda del peccato in tutte le sue forme, anche nelle piccole cose quotidiane. Nei mass meda continuiamo a sentire quotidianamente notizie di violenza, odio e insofferenze tra gli esseri umani. Altroch\u00e9 \u201candr\u00e0 tutto bene\u201d! Se ignoriamo la Parola di Dio non c&#8217;\u00e8 pi\u00f9 limite alle bassezze che possiamo commettere senza neppure vergognarcene. Ma quella Parola, ascoltata e meditata, ci aiuta a giudicarci e a cambiare.<\/p>\n\n\n\n<p>Possiamo cambiare e convertirci non per timore del Signore, ma perch\u00e9 Lui ci ama incondizionatamente, Ges\u00f9 lo dice chiaramente in questo passo: <em>perch\u00e9 io non son venuto a giudicare il mondo, ma a salvare il mondo. <\/em>Avanti quindi, e con coraggio, non saremo mai soli, con noi sar\u00e0 sempre<em> <\/em>il Signore di cui ci ricorderemo a Natale, quello che vuole la nostra salvezza e la nostra felicit\u00e0, e non per questa vita soltanto.<\/p>\n\n\n\n<p><strong>Infatti Ges\u00f9 \u00e8 venuto per darci una speranza eterna.<\/strong><\/p>\n\n\n\n<p>Ges\u00f9 ci annuncia cos\u00ec una vita che non finisce con la morte del nostro corpo fisico. Una vita che, grazie al Signore, ci \u00e8 promessa eterna. Il Signore ci aiuta a combattere le tenebre della nostra esistenza quotidiana, dandoci la certezza che Lui, per noi, ha gi\u00e0 sconfitto le tenebre eterne di morte.<\/p>\n\n\n\n<p>Ecco perch\u00e9 in questo periodo di Avvento e di Natale, noi aspettiamo, per fede, <strong>l&#8217;ultimo Natale in cui Cristo torner\u00e0 e finalmente assaporeremo quell&#8217;eternit\u00e0 di pace che oggi non osiamo neppure immaginare. <\/strong><\/p>\n\n\n\n<p><em>Amen<\/em> <em>Claudio Pasquet<\/em><\/p>\n","protected":false},"excerpt":{"rendered":"<p>Ma Ges\u00f9 ad alta voce esclam\u00f2: \u00abChi crede in me, crede non in me, ma in colui che mi ha mandato; e chi vede me, vede colui che mi ha<\/p>\n","protected":false},"author":13,"featured_media":85,"comment_status":"open","ping_status":"open","sticky":false,"template":"","format":"standard","meta":{"_jetpack_memberships_contains_paid_content":false,"footnotes":""},"categories":[7],"tags":[9,8],"class_list":["post-84","post","type-post","status-publish","format-standard","has-post-thumbnail","hentry","category-riflessioni","tag-messaggio","tag-riflessione"],"jetpack_featured_media_url":"https:\/\/vallivaldesi.chiesavaldese.org\/san-secondo\/wp-content\/uploads\/sites\/14\/2021\/12\/Avvento-1b-scaled.jpg","jetpack_sharing_enabled":true,"_links":{"self":[{"href":"https:\/\/vallivaldesi.chiesavaldese.org\/san-secondo\/wp-json\/wp\/v2\/posts\/84","targetHints":{"allow":["GET"]}}],"collection":[{"href":"https:\/\/vallivaldesi.chiesavaldese.org\/san-secondo\/wp-json\/wp\/v2\/posts"}],"about":[{"href":"https:\/\/vallivaldesi.chiesavaldese.org\/san-secondo\/wp-json\/wp\/v2\/types\/post"}],"author":[{"embeddable":true,"href":"https:\/\/vallivaldesi.chiesavaldese.org\/san-secondo\/wp-json\/wp\/v2\/users\/13"}],"replies":[{"embeddable":true,"href":"https:\/\/vallivaldesi.chiesavaldese.org\/san-secondo\/wp-json\/wp\/v2\/comments?post=84"}],"version-history":[{"count":1,"href":"https:\/\/vallivaldesi.chiesavaldese.org\/san-secondo\/wp-json\/wp\/v2\/posts\/84\/revisions"}],"predecessor-version":[{"id":86,"href":"https:\/\/vallivaldesi.chiesavaldese.org\/san-secondo\/wp-json\/wp\/v2\/posts\/84\/revisions\/86"}],"wp:featuredmedia":[{"embeddable":true,"href":"https:\/\/vallivaldesi.chiesavaldese.org\/san-secondo\/wp-json\/wp\/v2\/media\/85"}],"wp:attachment":[{"href":"https:\/\/vallivaldesi.chiesavaldese.org\/san-secondo\/wp-json\/wp\/v2\/media?parent=84"}],"wp:term":[{"taxonomy":"category","embeddable":true,"href":"https:\/\/vallivaldesi.chiesavaldese.org\/san-secondo\/wp-json\/wp\/v2\/categories?post=84"},{"taxonomy":"post_tag","embeddable":true,"href":"https:\/\/vallivaldesi.chiesavaldese.org\/san-secondo\/wp-json\/wp\/v2\/tags?post=84"}],"curies":[{"name":"wp","href":"https:\/\/api.w.org\/{rel}","templated":true}]}}