{"id":309,"date":"2025-01-27T16:46:27","date_gmt":"2025-01-27T15:46:27","guid":{"rendered":"https:\/\/vallivaldesi.chiesavaldese.org\/san-secondo\/?p=309"},"modified":"2025-01-27T16:46:27","modified_gmt":"2025-01-27T15:46:27","slug":"il-corbaccio","status":"publish","type":"post","link":"https:\/\/vallivaldesi.chiesavaldese.org\/san-secondo\/2025\/01\/27\/il-corbaccio\/","title":{"rendered":"Il corbaccio"},"content":{"rendered":"\n<p>Sabato 8 febbraio alle ore 21 presso la sala valdese di San Secondo il gruppo <strong>Teatro Variabile 5<\/strong> presenta <strong>Il Corbaccio<\/strong>, con la regia di Gianni Bissaca. Ingresso libero.<\/p>\n\n\n\n<p>Il Corbaccio \u00e8 capitato qui da noi non si sa n\u00e9 da dove n\u00e9 come. Non fosse che attaccate alle scapole ha due grandi ali diresti che \u00e8 una persona quasi normale. <br>\u00a0<\/p>\n\n\n\n<p>In scena ci sono quattro attori che provano ad immaginare cosa potrebbe succedere se qui, oggi, in questo nostro bel paese, capitasse un signore siffatto. C&#8217;\u00e8 un paese preda del timore e del sospetto; c&#8217;\u00e8 una sindaca che vuole fare e non sa a che santo raccomandarsi; ci sono gli esperti chiamati a illuminarci sullo strano caso; c&#8217;\u00e8 un&#8217;anziana rammendatrice incaricata dal comune di vestire adeguatamente il malcapitato e due sorveglianti che lo tengono d&#8217;occhio a debita distanza. Ci sono una radio locale e tante, tante voci che corrono. E infine c&#8217;\u00e8 lui, il Corbaccio, sotto osservazione in localit\u00e0 segreta, di cui tutti parlano, che nessuno sa chi \u00e8, e che tutti fanno di tutto per non vedere.<\/p>\n","protected":false},"excerpt":{"rendered":"<p>Sabato 8 febbraio alle ore 21 presso la sala valdese di San Secondo il gruppo Teatro Variabile 5 presenta Il Corbaccio, con la regia di Gianni Bissaca. Ingresso libero. Il<\/p>\n","protected":false},"author":13,"featured_media":310,"comment_status":"open","ping_status":"open","sticky":false,"template":"","format":"standard","meta":{"_jetpack_memberships_contains_paid_content":false,"footnotes":""},"categories":[13],"tags":[5,22,31,20],"class_list":["post-309","post","type-post","status-publish","format-standard","has-post-thumbnail","hentry","category-appuntamenti","tag-san-secondo","tag-spettacolo","tag-spettacolo-teatrale","tag-teatro"],"jetpack_featured_media_url":"https:\/\/vallivaldesi.chiesavaldese.org\/san-secondo\/wp-content\/uploads\/sites\/14\/2025\/01\/Loc.-Corbaccio-quad-con-rosso.jpg","jetpack_sharing_enabled":true,"_links":{"self":[{"href":"https:\/\/vallivaldesi.chiesavaldese.org\/san-secondo\/wp-json\/wp\/v2\/posts\/309","targetHints":{"allow":["GET"]}}],"collection":[{"href":"https:\/\/vallivaldesi.chiesavaldese.org\/san-secondo\/wp-json\/wp\/v2\/posts"}],"about":[{"href":"https:\/\/vallivaldesi.chiesavaldese.org\/san-secondo\/wp-json\/wp\/v2\/types\/post"}],"author":[{"embeddable":true,"href":"https:\/\/vallivaldesi.chiesavaldese.org\/san-secondo\/wp-json\/wp\/v2\/users\/13"}],"replies":[{"embeddable":true,"href":"https:\/\/vallivaldesi.chiesavaldese.org\/san-secondo\/wp-json\/wp\/v2\/comments?post=309"}],"version-history":[{"count":1,"href":"https:\/\/vallivaldesi.chiesavaldese.org\/san-secondo\/wp-json\/wp\/v2\/posts\/309\/revisions"}],"predecessor-version":[{"id":311,"href":"https:\/\/vallivaldesi.chiesavaldese.org\/san-secondo\/wp-json\/wp\/v2\/posts\/309\/revisions\/311"}],"wp:featuredmedia":[{"embeddable":true,"href":"https:\/\/vallivaldesi.chiesavaldese.org\/san-secondo\/wp-json\/wp\/v2\/media\/310"}],"wp:attachment":[{"href":"https:\/\/vallivaldesi.chiesavaldese.org\/san-secondo\/wp-json\/wp\/v2\/media?parent=309"}],"wp:term":[{"taxonomy":"category","embeddable":true,"href":"https:\/\/vallivaldesi.chiesavaldese.org\/san-secondo\/wp-json\/wp\/v2\/categories?post=309"},{"taxonomy":"post_tag","embeddable":true,"href":"https:\/\/vallivaldesi.chiesavaldese.org\/san-secondo\/wp-json\/wp\/v2\/tags?post=309"}],"curies":[{"name":"wp","href":"https:\/\/api.w.org\/{rel}","templated":true}]}}