{"id":285,"date":"2023-11-22T18:48:16","date_gmt":"2023-11-22T17:48:16","guid":{"rendered":"https:\/\/vallivaldesi.chiesavaldese.org\/san-secondo\/?p=285"},"modified":"2023-11-22T18:48:16","modified_gmt":"2023-11-22T17:48:16","slug":"e-lecito","status":"publish","type":"post","link":"https:\/\/vallivaldesi.chiesavaldese.org\/san-secondo\/2023\/11\/22\/e-lecito\/","title":{"rendered":"\u00c8 lecito?"},"content":{"rendered":"\n<p>Il Gruppo Giovani di San Secondo propone la serata <strong>\u00c8 lecito? Immigrazione tra drammi e opportunit\u00e0<\/strong> venerd\u00ec 1\u00b0 dicembre alle ore 20,30 presso la sala valdese. <\/p>\n\n\n\n<p>Cosa significa &#8220;immigrazione&#8221;? Quali sono le conseguenze di questo fenomeno? Cosa si intende davvero per accoglienza? Una serata per riflettere e discutere in un modo diverso dal solito su un tema tanto delicato quanto attuale!<\/p>\n\n\n\n<p>\u00c8 gradita conferma tramite messaggio a Litzi +393477341274<\/p>\n","protected":false},"excerpt":{"rendered":"<p>Il Gruppo Giovani di San Secondo propone la serata \u00c8 lecito? Immigrazione tra drammi e opportunit\u00e0 venerd\u00ec 1\u00b0 dicembre alle ore 20,30 presso la sala valdese. Cosa significa &#8220;immigrazione&#8221;? Quali<\/p>\n","protected":false},"author":13,"featured_media":286,"comment_status":"open","ping_status":"open","sticky":false,"template":"","format":"standard","meta":{"_jetpack_memberships_contains_paid_content":false,"footnotes":""},"categories":[13],"tags":[48,46,47,5],"class_list":["post-285","post","type-post","status-publish","format-standard","has-post-thumbnail","hentry","category-appuntamenti","tag-accoglienza","tag-gruppo-giovani","tag-immigrazione","tag-san-secondo"],"jetpack_featured_media_url":"https:\/\/vallivaldesi.chiesavaldese.org\/san-secondo\/wp-content\/uploads\/sites\/14\/2023\/11\/E-lecito.jpg","jetpack_sharing_enabled":true,"_links":{"self":[{"href":"https:\/\/vallivaldesi.chiesavaldese.org\/san-secondo\/wp-json\/wp\/v2\/posts\/285","targetHints":{"allow":["GET"]}}],"collection":[{"href":"https:\/\/vallivaldesi.chiesavaldese.org\/san-secondo\/wp-json\/wp\/v2\/posts"}],"about":[{"href":"https:\/\/vallivaldesi.chiesavaldese.org\/san-secondo\/wp-json\/wp\/v2\/types\/post"}],"author":[{"embeddable":true,"href":"https:\/\/vallivaldesi.chiesavaldese.org\/san-secondo\/wp-json\/wp\/v2\/users\/13"}],"replies":[{"embeddable":true,"href":"https:\/\/vallivaldesi.chiesavaldese.org\/san-secondo\/wp-json\/wp\/v2\/comments?post=285"}],"version-history":[{"count":1,"href":"https:\/\/vallivaldesi.chiesavaldese.org\/san-secondo\/wp-json\/wp\/v2\/posts\/285\/revisions"}],"predecessor-version":[{"id":287,"href":"https:\/\/vallivaldesi.chiesavaldese.org\/san-secondo\/wp-json\/wp\/v2\/posts\/285\/revisions\/287"}],"wp:featuredmedia":[{"embeddable":true,"href":"https:\/\/vallivaldesi.chiesavaldese.org\/san-secondo\/wp-json\/wp\/v2\/media\/286"}],"wp:attachment":[{"href":"https:\/\/vallivaldesi.chiesavaldese.org\/san-secondo\/wp-json\/wp\/v2\/media?parent=285"}],"wp:term":[{"taxonomy":"category","embeddable":true,"href":"https:\/\/vallivaldesi.chiesavaldese.org\/san-secondo\/wp-json\/wp\/v2\/categories?post=285"},{"taxonomy":"post_tag","embeddable":true,"href":"https:\/\/vallivaldesi.chiesavaldese.org\/san-secondo\/wp-json\/wp\/v2\/tags?post=285"}],"curies":[{"name":"wp","href":"https:\/\/api.w.org\/{rel}","templated":true}]}}