{"id":275,"date":"2023-09-25T20:59:27","date_gmt":"2023-09-25T18:59:27","guid":{"rendered":"https:\/\/vallivaldesi.chiesavaldese.org\/san-secondo\/?p=275"},"modified":"2023-09-25T20:59:27","modified_gmt":"2023-09-25T18:59:27","slug":"visioneediscussione","status":"publish","type":"post","link":"https:\/\/vallivaldesi.chiesavaldese.org\/san-secondo\/2023\/09\/25\/visioneediscussione\/","title":{"rendered":"#visioneediscussione"},"content":{"rendered":"\n<p>Il Gruppo giovani organizza per <strong>venerd\u00ec 29 settembre<\/strong> una serata aperta a tutti dedicata ai social media. E&#8217; possibile immaginare un mondo in cui i social condizionano la vita delle persone a tal punto che le loro attivit\u00e0 quotidiane dipendono da un like? Un mondo governato dai social \u00e8 utopico, prossimo a venire o &#8230; ci stiamo gi\u00e0 vivendo?<\/p>\n\n\n\n<p>L&#8217;appuntamento \u00e8 alle 20,30 nel tempio valdese di San Secondo, via della Repubblica 114 per una serata di gioco, attivit\u00e0 diverse e dibattiti. Vi aspettiamo!<\/p>\n","protected":false},"excerpt":{"rendered":"<p>Il Gruppo giovani organizza per venerd\u00ec 29 settembre una serata aperta a tutti dedicata ai social media. E&#8217; possibile immaginare un mondo in cui i social condizionano la vita delle<\/p>\n","protected":false},"author":13,"featured_media":276,"comment_status":"open","ping_status":"open","sticky":false,"template":"","format":"standard","meta":{"_jetpack_memberships_contains_paid_content":false,"footnotes":""},"categories":[13],"tags":[41,5,42,43,44],"class_list":["post-275","post","type-post","status-publish","format-standard","has-post-thumbnail","hentry","category-appuntamenti","tag-giovani","tag-san-secondo","tag-serata-giovani","tag-serata-per-tutti","tag-social-network"],"jetpack_featured_media_url":"https:\/\/vallivaldesi.chiesavaldese.org\/san-secondo\/wp-content\/uploads\/sites\/14\/2023\/09\/29-settembre.jpeg","jetpack_sharing_enabled":true,"_links":{"self":[{"href":"https:\/\/vallivaldesi.chiesavaldese.org\/san-secondo\/wp-json\/wp\/v2\/posts\/275","targetHints":{"allow":["GET"]}}],"collection":[{"href":"https:\/\/vallivaldesi.chiesavaldese.org\/san-secondo\/wp-json\/wp\/v2\/posts"}],"about":[{"href":"https:\/\/vallivaldesi.chiesavaldese.org\/san-secondo\/wp-json\/wp\/v2\/types\/post"}],"author":[{"embeddable":true,"href":"https:\/\/vallivaldesi.chiesavaldese.org\/san-secondo\/wp-json\/wp\/v2\/users\/13"}],"replies":[{"embeddable":true,"href":"https:\/\/vallivaldesi.chiesavaldese.org\/san-secondo\/wp-json\/wp\/v2\/comments?post=275"}],"version-history":[{"count":3,"href":"https:\/\/vallivaldesi.chiesavaldese.org\/san-secondo\/wp-json\/wp\/v2\/posts\/275\/revisions"}],"predecessor-version":[{"id":279,"href":"https:\/\/vallivaldesi.chiesavaldese.org\/san-secondo\/wp-json\/wp\/v2\/posts\/275\/revisions\/279"}],"wp:featuredmedia":[{"embeddable":true,"href":"https:\/\/vallivaldesi.chiesavaldese.org\/san-secondo\/wp-json\/wp\/v2\/media\/276"}],"wp:attachment":[{"href":"https:\/\/vallivaldesi.chiesavaldese.org\/san-secondo\/wp-json\/wp\/v2\/media?parent=275"}],"wp:term":[{"taxonomy":"category","embeddable":true,"href":"https:\/\/vallivaldesi.chiesavaldese.org\/san-secondo\/wp-json\/wp\/v2\/categories?post=275"},{"taxonomy":"post_tag","embeddable":true,"href":"https:\/\/vallivaldesi.chiesavaldese.org\/san-secondo\/wp-json\/wp\/v2\/tags?post=275"}],"curies":[{"name":"wp","href":"https:\/\/api.w.org\/{rel}","templated":true}]}}