{"id":253,"date":"2023-05-20T18:20:50","date_gmt":"2023-05-20T16:20:50","guid":{"rendered":"https:\/\/vallivaldesi.chiesavaldese.org\/san-secondo\/?p=253"},"modified":"2023-05-20T18:31:09","modified_gmt":"2023-05-20T16:31:09","slug":"un-messaggio-per-pentecoste-2","status":"publish","type":"post","link":"https:\/\/vallivaldesi.chiesavaldese.org\/san-secondo\/2023\/05\/20\/un-messaggio-per-pentecoste-2\/","title":{"rendered":"Un messaggio per Pentecoste"},"content":{"rendered":"\n<p>Atti 2:1-4 Mentre il giorno di Pentecoste stava per finire, si trovavano tutti insieme nello stesso luogo.&nbsp;Venne all&#8217;improvviso dal cielo un rombo, come di vento che si abbatte gagliardo, e riemp\u00ec tutta la casa dove si trovavano.&nbsp;Apparvero loro lingue come di fuoco che si dividevano e si posarono su ciascuno di loro;&nbsp;ed essi furono tutti pieni di Spirito Santo e cominciarono a parlare in altre lingue come lo Spirito dava loro il potere d&#8217;esprimersi.<\/p>\n\n\n\n<p>Cari fratelli e care sorelle, questo racconto nella migliore delle ipotesi sembra una storia fantastica che non si ripeter\u00e0 mai pi\u00f9 \u2013 fortunati quelli e quelle che l\u2019hanno vissuta! \u2013 \u00e8 nella peggiore uno spot pubblicitario per \u201cvendere bene\u201d il cristianesimo che si stava appena formando. So bene che oggi nessuna delle due strade \u00e8 pi\u00f9 percorribile; non crediamo pi\u00f9 n\u00e9 alle storie fantastiche n\u00e9 alla pubblicit\u00e0 \u2013 o almeno crediamo di non crederci, ma questa \u00e8 un\u2019altra storia! -.<\/p>\n\n\n\n<p>Cosa rimane, dunque, di questo messaggio dell\u2019evangelista Luca? Almeno tre cose sulle quali vi invito a riflettere.<\/p>\n\n\n\n<ol class=\"wp-block-list\">\n<li><em>Tutti e tutte insieme<\/em>. I convenuti a quell\u2019assemblea erano insieme, non ognuno per conto suo, ma insieme! Nel mondo di oggi dove ci viene costantemente ricordato che \u201cchi fa da s\u00e9 fa per tre\u201d \u00e8 un bell\u2019insegnamento. Per ascoltare la Parola di Dio che si irradia nella nostra vita bisogna essere insieme. Certo, ciascuno e ciascuna di noi deve fare la prioria parte, ma va condivisa. Se non c\u2019\u00e8 condivisione non c\u2019\u00e8 partecipazione alla missione che Dio, in Ges\u00f9, ci ha affidato.<\/li>\n\n\n\n<li><em>Dio affida ad ognuna e ognuno di noi una missione, quella giusta per ciascuno e ciascuna di noi.<\/em> Le lingue di fuoco rappresentano la missione che ci \u00e8 affidata, proprio la nostra. Anche qui non mancano gli spunti su cui riflettere. Se leggiamo attentamente il testo notiamo che nessuno dei personaggi che riceve le lingue di fuoco ne ha fatto richiesta. Dunque il compito al quale ognuno di noi \u00e8 chiamato, invitato, proviene da Dio stesso. Se le cose stanno cos\u00ec non possiamo non chiederci se siamo all\u2019altezza di un compito del genere e anche qui Luca \u00e8 magistrale. Se notate bene nel racconto lo Spirito Santo che scende non \u00e8 una fiamma sola che si posa indistintamente su tutti quelli che erano in quell\u2019assemblea\u2026 su ciascuno dei partecipanti all\u2019assemblea si \u00e8 posata una lingua di fuoco diversa, specifica; ad ognuno, ognuna di noi la propria vocazione!<\/li>\n\n\n\n<li><em>Capire i nostri fratelli e le nostre sorelle.<\/em> Tutte le persone che erano dove \u00e8 avvenuta la discesa dello Spirito Santo si facevano capire dagli altri e dalle altre. Ecco un punto centrale. Svolgere la missione di testimonianza che Dio ci ha affidato significa parlare lo stesso linguaggio di dei nostri fratelli e sorelle che incrociano il nostro cammino\u2026 Nell\u2019ottica di Ges\u00f9 \u2013 di Dio \u2013 non c\u2019\u00e8 qualcuno che sta sopra e qualcun altro che sta sotto nella realizzazione delle Sue promesse. Tutti e tutte siamo chiamati a collaborare secondo le nostre possibilit\u00e0 perch\u00e9 queste si realizzino.<\/li>\n<\/ol>\n\n\n\n<p class=\"has-text-align-left\">Questo testo in fin dei conti non \u00e8 altro \u2013 ma vi sembra poco? \u2013 che riflessione su che cosa debba essere una comunit\u00e0 cristiana, una comunit\u00e0 che si senta convocata da Cristo. <em>Unit\u00e0, impegno e comprensione reciproca <\/em>devono essere le sue caratteristiche, tutto questo in compagnia di Dio. Una bella sfida anche per le nostre Chiese!<\/p>\n\n\n\n<p>Luca Prola<\/p>\n","protected":false},"excerpt":{"rendered":"<p>Atti 2:1-4 Mentre il giorno di Pentecoste stava per finire, si trovavano tutti insieme nello stesso luogo.&nbsp;Venne all&#8217;improvviso dal cielo un rombo, come di vento che si abbatte gagliardo, e<\/p>\n","protected":false},"author":13,"featured_media":256,"comment_status":"open","ping_status":"open","sticky":false,"template":"","format":"standard","meta":{"_jetpack_memberships_contains_paid_content":false,"footnotes":""},"categories":[7],"tags":[37,8,5],"class_list":["post-253","post","type-post","status-publish","format-standard","has-post-thumbnail","hentry","category-riflessioni","tag-pentecoste","tag-riflessione","tag-san-secondo"],"jetpack_featured_media_url":"https:\/\/vallivaldesi.chiesavaldese.org\/san-secondo\/wp-content\/uploads\/sites\/14\/2023\/05\/Fiore-1-scaled.jpg","jetpack_sharing_enabled":true,"_links":{"self":[{"href":"https:\/\/vallivaldesi.chiesavaldese.org\/san-secondo\/wp-json\/wp\/v2\/posts\/253","targetHints":{"allow":["GET"]}}],"collection":[{"href":"https:\/\/vallivaldesi.chiesavaldese.org\/san-secondo\/wp-json\/wp\/v2\/posts"}],"about":[{"href":"https:\/\/vallivaldesi.chiesavaldese.org\/san-secondo\/wp-json\/wp\/v2\/types\/post"}],"author":[{"embeddable":true,"href":"https:\/\/vallivaldesi.chiesavaldese.org\/san-secondo\/wp-json\/wp\/v2\/users\/13"}],"replies":[{"embeddable":true,"href":"https:\/\/vallivaldesi.chiesavaldese.org\/san-secondo\/wp-json\/wp\/v2\/comments?post=253"}],"version-history":[{"count":4,"href":"https:\/\/vallivaldesi.chiesavaldese.org\/san-secondo\/wp-json\/wp\/v2\/posts\/253\/revisions"}],"predecessor-version":[{"id":259,"href":"https:\/\/vallivaldesi.chiesavaldese.org\/san-secondo\/wp-json\/wp\/v2\/posts\/253\/revisions\/259"}],"wp:featuredmedia":[{"embeddable":true,"href":"https:\/\/vallivaldesi.chiesavaldese.org\/san-secondo\/wp-json\/wp\/v2\/media\/256"}],"wp:attachment":[{"href":"https:\/\/vallivaldesi.chiesavaldese.org\/san-secondo\/wp-json\/wp\/v2\/media?parent=253"}],"wp:term":[{"taxonomy":"category","embeddable":true,"href":"https:\/\/vallivaldesi.chiesavaldese.org\/san-secondo\/wp-json\/wp\/v2\/categories?post=253"},{"taxonomy":"post_tag","embeddable":true,"href":"https:\/\/vallivaldesi.chiesavaldese.org\/san-secondo\/wp-json\/wp\/v2\/tags?post=253"}],"curies":[{"name":"wp","href":"https:\/\/api.w.org\/{rel}","templated":true}]}}