{"id":187,"date":"2023-02-28T18:16:19","date_gmt":"2023-02-28T17:16:19","guid":{"rendered":"https:\/\/vallivaldesi.chiesavaldese.org\/san-secondo\/?p=187"},"modified":"2023-02-28T18:16:19","modified_gmt":"2023-02-28T17:16:19","slug":"coscienza-e-resistenza","status":"publish","type":"post","link":"https:\/\/vallivaldesi.chiesavaldese.org\/san-secondo\/2023\/02\/28\/coscienza-e-resistenza\/","title":{"rendered":"Coscienza e resistenza"},"content":{"rendered":"\n<p><strong>Domenica 5 marzo<\/strong> alle ore 18 nella sala delle attivit\u00e0 sar\u00e0 proiettato &#8220;<strong><em>Coscienza e Resistenza \u2013 <\/em><\/strong><em><strong>Giosu\u00e8 Gianavello, il leone di Ror\u00e0<\/strong><\/em>&#8220;, realizzato da Marco Po\u00ebt con attori volontari, soprattutto rorenghi. Per l&#8217;occasione, il film documentario sar\u00e0 presentato dal regista.<\/p>\n\n\n\n<p>Alla proiezione seguir\u00e0 un&#8217;apericena organizzato con la formula &#8220;porta e condividi&#8221;, una bella occasione per ricominciare ad incontrarci come comunit\u00e0.<\/p>\n","protected":false},"excerpt":{"rendered":"<p>Domenica 5 marzo alle ore 18 nella sala delle attivit\u00e0 sar\u00e0 proiettato &#8220;Coscienza e Resistenza \u2013 Giosu\u00e8 Gianavello, il leone di Ror\u00e0&#8220;, realizzato da Marco Po\u00ebt con attori volontari, soprattutto<\/p>\n","protected":false},"author":13,"featured_media":188,"comment_status":"open","ping_status":"open","sticky":false,"template":"","format":"standard","meta":{"_jetpack_memberships_contains_paid_content":false,"footnotes":""},"categories":[13],"tags":[32,33,34,5,22],"class_list":["post-187","post","type-post","status-publish","format-standard","has-post-thumbnail","hentry","category-appuntamenti","tag-apericena","tag-film","tag-gianavello","tag-san-secondo","tag-spettacolo"],"jetpack_featured_media_url":"https:\/\/vallivaldesi.chiesavaldese.org\/san-secondo\/wp-content\/uploads\/sites\/14\/2023\/02\/Gianavello.jpg","jetpack_sharing_enabled":true,"_links":{"self":[{"href":"https:\/\/vallivaldesi.chiesavaldese.org\/san-secondo\/wp-json\/wp\/v2\/posts\/187","targetHints":{"allow":["GET"]}}],"collection":[{"href":"https:\/\/vallivaldesi.chiesavaldese.org\/san-secondo\/wp-json\/wp\/v2\/posts"}],"about":[{"href":"https:\/\/vallivaldesi.chiesavaldese.org\/san-secondo\/wp-json\/wp\/v2\/types\/post"}],"author":[{"embeddable":true,"href":"https:\/\/vallivaldesi.chiesavaldese.org\/san-secondo\/wp-json\/wp\/v2\/users\/13"}],"replies":[{"embeddable":true,"href":"https:\/\/vallivaldesi.chiesavaldese.org\/san-secondo\/wp-json\/wp\/v2\/comments?post=187"}],"version-history":[{"count":2,"href":"https:\/\/vallivaldesi.chiesavaldese.org\/san-secondo\/wp-json\/wp\/v2\/posts\/187\/revisions"}],"predecessor-version":[{"id":190,"href":"https:\/\/vallivaldesi.chiesavaldese.org\/san-secondo\/wp-json\/wp\/v2\/posts\/187\/revisions\/190"}],"wp:featuredmedia":[{"embeddable":true,"href":"https:\/\/vallivaldesi.chiesavaldese.org\/san-secondo\/wp-json\/wp\/v2\/media\/188"}],"wp:attachment":[{"href":"https:\/\/vallivaldesi.chiesavaldese.org\/san-secondo\/wp-json\/wp\/v2\/media?parent=187"}],"wp:term":[{"taxonomy":"category","embeddable":true,"href":"https:\/\/vallivaldesi.chiesavaldese.org\/san-secondo\/wp-json\/wp\/v2\/categories?post=187"},{"taxonomy":"post_tag","embeddable":true,"href":"https:\/\/vallivaldesi.chiesavaldese.org\/san-secondo\/wp-json\/wp\/v2\/tags?post=187"}],"curies":[{"name":"wp","href":"https:\/\/api.w.org\/{rel}","templated":true}]}}