{"id":175,"date":"2023-02-19T12:30:00","date_gmt":"2023-02-19T11:30:00","guid":{"rendered":"https:\/\/vallivaldesi.chiesavaldese.org\/san-secondo\/?p=175"},"modified":"2023-02-14T18:09:13","modified_gmt":"2023-02-14T17:09:13","slug":"spettacolo-teatrale","status":"publish","type":"post","link":"https:\/\/vallivaldesi.chiesavaldese.org\/san-secondo\/2023\/02\/19\/spettacolo-teatrale\/","title":{"rendered":"Spettacolo teatrale"},"content":{"rendered":"\n<p>Sabato 25 febbraio alle ore 21 nella sala &#8220;Bruno Don&#8221; di San Secondo ospiteremo la Filodrammatica valdese di Bobbio Pellice, che presenter\u00e0 la commedia dialettale &#8220;<strong>Na sorpr\u00e8isa p\u00ebr pap\u00e0<\/strong>&#8221; di Franco Roggero e la farsa &#8220;<strong>Gi\u00f9 le mani dal malloppo<\/strong>&#8221; di Giorgia Brusco. <\/p>\n\n\n\n<p>L&#8217;ingresso \u00e8 libero, non \u00e8 necessaria la prenotazione.<\/p>\n","protected":false},"excerpt":{"rendered":"<p>Sabato 25 febbraio alle ore 21 nella sala &#8220;Bruno Don&#8221; di San Secondo ospiteremo la Filodrammatica valdese di Bobbio Pellice, che presenter\u00e0 la commedia dialettale &#8220;Na sorpr\u00e8isa p\u00ebr pap\u00e0&#8221; di<\/p>\n","protected":false},"author":13,"featured_media":176,"comment_status":"open","ping_status":"open","sticky":false,"template":"","format":"standard","meta":{"_jetpack_memberships_contains_paid_content":false,"footnotes":""},"categories":[13],"tags":[25,5,31,20],"class_list":["post-175","post","type-post","status-publish","format-standard","has-post-thumbnail","hentry","category-appuntamenti","tag-filodrammatica","tag-san-secondo","tag-spettacolo-teatrale","tag-teatro"],"jetpack_featured_media_url":"https:\/\/vallivaldesi.chiesavaldese.org\/san-secondo\/wp-content\/uploads\/sites\/14\/2023\/02\/Filo-per-sito.jpg","jetpack_sharing_enabled":true,"_links":{"self":[{"href":"https:\/\/vallivaldesi.chiesavaldese.org\/san-secondo\/wp-json\/wp\/v2\/posts\/175","targetHints":{"allow":["GET"]}}],"collection":[{"href":"https:\/\/vallivaldesi.chiesavaldese.org\/san-secondo\/wp-json\/wp\/v2\/posts"}],"about":[{"href":"https:\/\/vallivaldesi.chiesavaldese.org\/san-secondo\/wp-json\/wp\/v2\/types\/post"}],"author":[{"embeddable":true,"href":"https:\/\/vallivaldesi.chiesavaldese.org\/san-secondo\/wp-json\/wp\/v2\/users\/13"}],"replies":[{"embeddable":true,"href":"https:\/\/vallivaldesi.chiesavaldese.org\/san-secondo\/wp-json\/wp\/v2\/comments?post=175"}],"version-history":[{"count":3,"href":"https:\/\/vallivaldesi.chiesavaldese.org\/san-secondo\/wp-json\/wp\/v2\/posts\/175\/revisions"}],"predecessor-version":[{"id":179,"href":"https:\/\/vallivaldesi.chiesavaldese.org\/san-secondo\/wp-json\/wp\/v2\/posts\/175\/revisions\/179"}],"wp:featuredmedia":[{"embeddable":true,"href":"https:\/\/vallivaldesi.chiesavaldese.org\/san-secondo\/wp-json\/wp\/v2\/media\/176"}],"wp:attachment":[{"href":"https:\/\/vallivaldesi.chiesavaldese.org\/san-secondo\/wp-json\/wp\/v2\/media?parent=175"}],"wp:term":[{"taxonomy":"category","embeddable":true,"href":"https:\/\/vallivaldesi.chiesavaldese.org\/san-secondo\/wp-json\/wp\/v2\/categories?post=175"},{"taxonomy":"post_tag","embeddable":true,"href":"https:\/\/vallivaldesi.chiesavaldese.org\/san-secondo\/wp-json\/wp\/v2\/tags?post=175"}],"curies":[{"name":"wp","href":"https:\/\/api.w.org\/{rel}","templated":true}]}}