{"id":161,"date":"2023-02-03T18:30:00","date_gmt":"2023-02-03T17:30:00","guid":{"rendered":"https:\/\/vallivaldesi.chiesavaldese.org\/san-secondo\/?p=161"},"modified":"2023-02-02T18:11:02","modified_gmt":"2023-02-02T17:11:02","slug":"gli-appuntamenti-del-16-e-17-febbraio","status":"publish","type":"post","link":"https:\/\/vallivaldesi.chiesavaldese.org\/san-secondo\/2023\/02\/03\/gli-appuntamenti-del-16-e-17-febbraio\/","title":{"rendered":"Gli appuntamenti del 16 e 17 febbraio"},"content":{"rendered":"\n<p>La sera di <strong>Gioved\u00ec 16 febbraio <\/strong>l&#8217;appuntamento \u00e8 alle ore 19,45 nel cortile del Tempio per la consueta fiaccolata con le torce elettriche o con le lanterne; tutti sono invitati, anche i bambini\/e della scuola domenicale. Sperando che non ci sia vento, il fal\u00f2 sar\u00e0 acceso alla Lombarda alle ore 20,30 e non alle 20, per evitare che si consumi troppo in fretta visto che \u00e8 l\u00ec da un anno e quindi la sua legna \u00e8 molto secca.<\/p>\n\n\n\n<p>Ci ritroveremo per un momento di preghiera, di canto e di svago e fraternit\u00e0, insieme ai fratelli e alle sorelle della chiesa di Pinerolo. Ringraziamo fin d&#8217;ora quanti si adoperano per rendere piacevole la serata!<\/p>\n\n\n\n<p>Il mattino di <strong>Venerd\u00ec 17 febbraio <\/strong>alle ore 10 avremo il culto di Santa Cena, con partecipazione della Corale. La liturgia \u00e8 a carico del pastore Claudio Pasquet, mentre la predicazione sar\u00e0 curata dal pastore di Trieste Peter Ciaccio che sar\u00e0 nostro ospite per la giornata. Durante il pranzo ci parler\u00e0 del tema, di cui \u00e8 grande esperto, \u201cCinema e protestantesimo\u201d<strong>.<\/strong><\/p>\n","protected":false},"excerpt":{"rendered":"<p>La sera di Gioved\u00ec 16 febbraio l&#8217;appuntamento \u00e8 alle ore 19,45 nel cortile del Tempio per la consueta fiaccolata con le torce elettriche o con le lanterne; tutti sono invitati,<\/p>\n","protected":false},"author":13,"featured_media":162,"comment_status":"open","ping_status":"open","sticky":false,"template":"","format":"standard","meta":{"_jetpack_memberships_contains_paid_content":false,"footnotes":""},"categories":[13],"tags":[16,5,14],"class_list":["post-161","post","type-post","status-publish","format-standard","has-post-thumbnail","hentry","category-appuntamenti","tag-falo","tag-san-secondo","tag-xvii-febbraio"],"jetpack_featured_media_url":"https:\/\/vallivaldesi.chiesavaldese.org\/san-secondo\/wp-content\/uploads\/sites\/14\/2023\/02\/falo-scaled.jpg","jetpack_sharing_enabled":true,"_links":{"self":[{"href":"https:\/\/vallivaldesi.chiesavaldese.org\/san-secondo\/wp-json\/wp\/v2\/posts\/161","targetHints":{"allow":["GET"]}}],"collection":[{"href":"https:\/\/vallivaldesi.chiesavaldese.org\/san-secondo\/wp-json\/wp\/v2\/posts"}],"about":[{"href":"https:\/\/vallivaldesi.chiesavaldese.org\/san-secondo\/wp-json\/wp\/v2\/types\/post"}],"author":[{"embeddable":true,"href":"https:\/\/vallivaldesi.chiesavaldese.org\/san-secondo\/wp-json\/wp\/v2\/users\/13"}],"replies":[{"embeddable":true,"href":"https:\/\/vallivaldesi.chiesavaldese.org\/san-secondo\/wp-json\/wp\/v2\/comments?post=161"}],"version-history":[{"count":2,"href":"https:\/\/vallivaldesi.chiesavaldese.org\/san-secondo\/wp-json\/wp\/v2\/posts\/161\/revisions"}],"predecessor-version":[{"id":164,"href":"https:\/\/vallivaldesi.chiesavaldese.org\/san-secondo\/wp-json\/wp\/v2\/posts\/161\/revisions\/164"}],"wp:featuredmedia":[{"embeddable":true,"href":"https:\/\/vallivaldesi.chiesavaldese.org\/san-secondo\/wp-json\/wp\/v2\/media\/162"}],"wp:attachment":[{"href":"https:\/\/vallivaldesi.chiesavaldese.org\/san-secondo\/wp-json\/wp\/v2\/media?parent=161"}],"wp:term":[{"taxonomy":"category","embeddable":true,"href":"https:\/\/vallivaldesi.chiesavaldese.org\/san-secondo\/wp-json\/wp\/v2\/categories?post=161"},{"taxonomy":"post_tag","embeddable":true,"href":"https:\/\/vallivaldesi.chiesavaldese.org\/san-secondo\/wp-json\/wp\/v2\/tags?post=161"}],"curies":[{"name":"wp","href":"https:\/\/api.w.org\/{rel}","templated":true}]}}