{"id":128,"date":"2022-06-01T21:23:57","date_gmt":"2022-06-01T19:23:57","guid":{"rendered":"https:\/\/vallivaldesi.chiesavaldese.org\/san-secondo\/?p=128"},"modified":"2022-06-01T21:29:40","modified_gmt":"2022-06-01T19:29:40","slug":"un-messaggio-per-pentecoste","status":"publish","type":"post","link":"https:\/\/vallivaldesi.chiesavaldese.org\/san-secondo\/2022\/06\/01\/un-messaggio-per-pentecoste\/","title":{"rendered":"Un messaggio per Pentecoste"},"content":{"rendered":"\n<blockquote class=\"wp-block-quote is-layout-flow wp-block-quote-is-layout-flow\"><p>Gioele 2:28-29 \u00abDopo questo, avverr\u00e0 che io sparger\u00f2 il mio Spirito su ogni persona: i vostri figli e le vostre figlie profetizzeranno, i vostri vecchi faranno dei sogni, i vostri giovani avranno delle visioni. Anche sui servi e sulle serve, sparger\u00f2 in quei giorni il mio Spirito.<\/p><\/blockquote>\n\n\n\n<p><br>Raccontando l&#8217;evento della Pentecoste, il libro degli Atti cita questo brano del profeta Gioele. La Bibbia narra che Mos\u00e8 disse: &#8220;magari fossero tutti profeti nel popolo!&#8221; In Gioele il desiderio di Mos\u00e8 prosegue, potremmo dire che si espande e diventa promessa: &#8220;io sparger\u00f2 il mio spirito su ogni persona&#8221;. A Pentecoste abbiamo visto che questa promessa si \u00e8 compiuta, dagli apostoli in poi \u00e8 data a tutti e tutte i credenti la possibilit\u00e0 di parlare di Dio.<br>Ne abbiamo particolarmente bisogno oggi; mentre scrivo questa riflessione, la televisione manda nelle nostre case scene di guerra vicinissime ai nostri confini. Con essa vediamo disperazione e dolore: la negazione di ogni promessa di pace dataci e comandataci dal Signore.<br>La salvezza di Cristo ha bisogno di essere annunciata e vissuta di nuovo e con pi\u00f9 forza. Ci eravamo illusi di poter fare da soli, col nostro spirito umano e le nostre capacit\u00e0, e ci accorgiamo che tutto, tra pandemie e peccato umano, pu\u00f2 essere distrutto in un attimo.<br>Il dono dello Spirito ci permette di essere protagonisti di salvezza e di speranza in un mondo disincantato, arrabbiato e incapace di sorridere al futuro.<br>Ogni uomo, ogni donna pu\u00f2 annunciare e vivere un po\u2019 di quella comunione e solidariet\u00e0 che oggi sono distrutte nei rapporti umani e che rendono il mondo preda della violenza e della sopraffazione.<br>Ma non possiamo farlo da soli o da sole.<br>A Pentecoste, Dio ci indica un tempo nuovo, il tempo in cui \u00e8 nata la chiesa. Una realt\u00e0 umana, non magica, infallibile o mediatrice di Dio, ma dataci dal Signore per essere il luogo dove si ritrovano quelli che si sentono spinti a parlare e vivere della speranza di Cristo.<br>Andiamo avanti sapendo che lo Spirito del Signore pu\u00f2 darci dei segni di pace anche nelle guerre, dei segni di speranza quando tutto appare incerto, e dei segni di fraternit\u00e0 anche in mezzo alle lotte di questo mondo. Quindi, come gi\u00e0 scrivevamo anni fa, smettiamo di resistere alla chiamata del Signore e al suo Spirito che ci illumina, e ricordiamoci delle promesse fatte nel battesimo e nella confermazione. Il Signore pu\u00f2 sorprenderci sempre in positivo, anche nella negativit\u00e0 del mondo!<\/p>\n\n\n\n<p>Claudio Pasquet<\/p>\n","protected":false},"excerpt":{"rendered":"<p>Gioele 2:28-29 \u00abDopo questo, avverr\u00e0 che io sparger\u00f2 il mio Spirito su ogni persona: i vostri figli e le vostre figlie profetizzeranno, i vostri vecchi faranno dei sogni, i vostri<\/p>\n","protected":false},"author":13,"featured_media":132,"comment_status":"open","ping_status":"open","sticky":false,"template":"","format":"standard","meta":{"_jetpack_memberships_contains_paid_content":false,"footnotes":""},"categories":[7],"tags":[9,8,5],"class_list":["post-128","post","type-post","status-publish","format-standard","has-post-thumbnail","hentry","category-riflessioni","tag-messaggio","tag-riflessione","tag-san-secondo"],"jetpack_featured_media_url":"https:\/\/vallivaldesi.chiesavaldese.org\/san-secondo\/wp-content\/uploads\/sites\/14\/2022\/05\/Pentecoste.jpeg","jetpack_sharing_enabled":true,"_links":{"self":[{"href":"https:\/\/vallivaldesi.chiesavaldese.org\/san-secondo\/wp-json\/wp\/v2\/posts\/128","targetHints":{"allow":["GET"]}}],"collection":[{"href":"https:\/\/vallivaldesi.chiesavaldese.org\/san-secondo\/wp-json\/wp\/v2\/posts"}],"about":[{"href":"https:\/\/vallivaldesi.chiesavaldese.org\/san-secondo\/wp-json\/wp\/v2\/types\/post"}],"author":[{"embeddable":true,"href":"https:\/\/vallivaldesi.chiesavaldese.org\/san-secondo\/wp-json\/wp\/v2\/users\/13"}],"replies":[{"embeddable":true,"href":"https:\/\/vallivaldesi.chiesavaldese.org\/san-secondo\/wp-json\/wp\/v2\/comments?post=128"}],"version-history":[{"count":5,"href":"https:\/\/vallivaldesi.chiesavaldese.org\/san-secondo\/wp-json\/wp\/v2\/posts\/128\/revisions"}],"predecessor-version":[{"id":254,"href":"https:\/\/vallivaldesi.chiesavaldese.org\/san-secondo\/wp-json\/wp\/v2\/posts\/128\/revisions\/254"}],"wp:featuredmedia":[{"embeddable":true,"href":"https:\/\/vallivaldesi.chiesavaldese.org\/san-secondo\/wp-json\/wp\/v2\/media\/132"}],"wp:attachment":[{"href":"https:\/\/vallivaldesi.chiesavaldese.org\/san-secondo\/wp-json\/wp\/v2\/media?parent=128"}],"wp:term":[{"taxonomy":"category","embeddable":true,"href":"https:\/\/vallivaldesi.chiesavaldese.org\/san-secondo\/wp-json\/wp\/v2\/categories?post=128"},{"taxonomy":"post_tag","embeddable":true,"href":"https:\/\/vallivaldesi.chiesavaldese.org\/san-secondo\/wp-json\/wp\/v2\/tags?post=128"}],"curies":[{"name":"wp","href":"https:\/\/api.w.org\/{rel}","templated":true}]}}