{"id":125,"date":"2022-05-25T07:38:23","date_gmt":"2022-05-25T05:38:23","guid":{"rendered":"https:\/\/vallivaldesi.chiesavaldese.org\/san-secondo\/?p=125"},"modified":"2022-05-25T07:53:51","modified_gmt":"2022-05-25T05:53:51","slug":"culto-di-ascensione","status":"publish","type":"post","link":"https:\/\/vallivaldesi.chiesavaldese.org\/san-secondo\/2022\/05\/25\/culto-di-ascensione\/","title":{"rendered":"Culto di Ascensione"},"content":{"rendered":"\n<p>Gioved\u00ec 26 maggio 2022 alle ore 21,00 nel nostro tempio si terr\u00e0 il Culto dell&#8217;Ascensione per le Chiese del II Circuito, la predicazione sar\u00e0 a cura dal Pastore Eugenio Bernardini. <\/p>\n","protected":false},"excerpt":{"rendered":"<p>Gioved\u00ec 26 maggio 2022 alle ore 21,00 nel nostro tempio si terr\u00e0 il Culto dell&#8217;Ascensione per le Chiese del II Circuito, la predicazione sar\u00e0 a cura dal Pastore Eugenio Bernardini.<\/p>\n","protected":false},"author":13,"featured_media":126,"comment_status":"open","ping_status":"open","sticky":false,"template":"","format":"standard","meta":{"_jetpack_memberships_contains_paid_content":false,"footnotes":""},"categories":[13],"tags":[10,11,5],"class_list":["post-125","post","type-post","status-publish","format-standard","has-post-thumbnail","hentry","category-appuntamenti","tag-culti","tag-predicazioni","tag-san-secondo"],"jetpack_featured_media_url":"https:\/\/vallivaldesi.chiesavaldese.org\/san-secondo\/wp-content\/uploads\/sites\/14\/2022\/05\/Per-sito.jpeg","jetpack_sharing_enabled":true,"_links":{"self":[{"href":"https:\/\/vallivaldesi.chiesavaldese.org\/san-secondo\/wp-json\/wp\/v2\/posts\/125","targetHints":{"allow":["GET"]}}],"collection":[{"href":"https:\/\/vallivaldesi.chiesavaldese.org\/san-secondo\/wp-json\/wp\/v2\/posts"}],"about":[{"href":"https:\/\/vallivaldesi.chiesavaldese.org\/san-secondo\/wp-json\/wp\/v2\/types\/post"}],"author":[{"embeddable":true,"href":"https:\/\/vallivaldesi.chiesavaldese.org\/san-secondo\/wp-json\/wp\/v2\/users\/13"}],"replies":[{"embeddable":true,"href":"https:\/\/vallivaldesi.chiesavaldese.org\/san-secondo\/wp-json\/wp\/v2\/comments?post=125"}],"version-history":[{"count":1,"href":"https:\/\/vallivaldesi.chiesavaldese.org\/san-secondo\/wp-json\/wp\/v2\/posts\/125\/revisions"}],"predecessor-version":[{"id":127,"href":"https:\/\/vallivaldesi.chiesavaldese.org\/san-secondo\/wp-json\/wp\/v2\/posts\/125\/revisions\/127"}],"wp:featuredmedia":[{"embeddable":true,"href":"https:\/\/vallivaldesi.chiesavaldese.org\/san-secondo\/wp-json\/wp\/v2\/media\/126"}],"wp:attachment":[{"href":"https:\/\/vallivaldesi.chiesavaldese.org\/san-secondo\/wp-json\/wp\/v2\/media?parent=125"}],"wp:term":[{"taxonomy":"category","embeddable":true,"href":"https:\/\/vallivaldesi.chiesavaldese.org\/san-secondo\/wp-json\/wp\/v2\/categories?post=125"},{"taxonomy":"post_tag","embeddable":true,"href":"https:\/\/vallivaldesi.chiesavaldese.org\/san-secondo\/wp-json\/wp\/v2\/tags?post=125"}],"curies":[{"name":"wp","href":"https:\/\/api.w.org\/{rel}","templated":true}]}}