{"id":58,"date":"2020-05-03T11:00:00","date_gmt":"2020-05-03T09:00:00","guid":{"rendered":"https:\/\/www.vallivaldesi.chiesavaldese.org\/san-germano-chisone\/?p=58"},"modified":"2020-05-06T11:12:08","modified_gmt":"2020-05-06T09:12:08","slug":"culto-03-05-2020-terza-dopo-pasqua-in-tempo-di-coronavirus","status":"publish","type":"post","link":"https:\/\/vallivaldesi.chiesavaldese.org\/san-germano-chisone\/2020\/05\/03\/culto-03-05-2020-terza-dopo-pasqua-in-tempo-di-coronavirus\/","title":{"rendered":"Culto 03\/05\/2020 &#8211; TERZA dopo PASQUA (in tempo di coronavirus)"},"content":{"rendered":"\n<p class=\"has-text-align-right\"><em>GIOVANNI 15, 1\u201317<\/em><\/p>\n\n\n\n<p>Nel discorso ai discepoli in Giovanni 15, Ges\u00f9 \u2013 come sul Monte Sinai Dio a Israele \u2013 si presenta loro, in maniera solenne, come la \u201cvera vite\u201d.<\/p>\n\n\n\n<p>E come le \u201cdieci parole\u201d sono sgorgate fuori spontaneamente dall&#8217;auto-presentazione del Signore come il liberatore del suo popolo, cos\u00ec qui tutto nasce dall&#8217;auto-presentazione di Ges\u00f9: per il fatto che lui \u00e8 la \u201cvera vite\u201d, e ci\u201cha costituito\u201d come suoi, noi possiamo \u201candare e portar frutto, e un frutto che rimanga\u201d.<\/p>\n\n\n\n<p>S\u00ec, noi siamo qui alle prese con la \u201ccarta\u201d da cui nasce un nuovo patto, la Nuova Alleanza dell&#8217;umanit\u00e0 con il Dio di Israele, adesso essenzialmente il \u201cDio di Ges\u00f9 Cristo\u201d. Una \u201cnuova alleanza\u201d che in Ges\u00f9 trova una dimensione e una formulazione tutte nuove: le \u201cdieci parole\u201d di Dio per Israele si riassumono adesso nell&#8217;unico comandamento dell&#8217;\u201camore degli uni verso gli altri\u201d.<\/p>\n\n\n\n<p>Un amore possibile per noi, perch\u00e9 fondato e nutrito dall&#8217;amore di Ges\u00f9 che, nel momento stesso in cui comanda ai suoi discepoli di amarsi gli uni gli altri, sta a sua volta portando a compimento, \u201csino alla fine\u201d (cfr Giovanni 13,1), il suo amore per loro. Se infatti l\u00e0 sul Sinai Dio aveva donato le sue parole ad Israele sulla base del ricordo della sua liberazione dalla casa della schiavit\u00f9 egiziana che egli aveva operato per lui, qui nell&#8217;ultima cena Ges\u00f9 parla nella prospettiva immediata della sua morte e della sua glorificazione, che sar\u00e0 l&#8217;evento fondatore della Nuova Alleanza.<\/p>\n\n\n\n<p>Cos\u00ec la sua affermazione \u201cQuesto \u00e8 il mio comandamento: che vi amiate gli uni gli altri\u201d non \u00e8 una norma, un obbligo all&#8217;amore che si cala dall&#8217;alto su di noi. \u00c8 una richiesta d&#8217;amore che sboccia dal suo amore. Citando il comando all\u2019amore di Ges\u00f9 sinora abbiamo omesso le frasi che seguono. \u00c8 arrivato il momento di citarle: \u201cQuesto \u00e8 il mio comandamento: che vi amiate gli uni gli altri, come io ho amato voi. Nessuno ha amore pi\u00f9 grande di quello di dar la sua vita per i suoi amici. Voi siete miei amici, se fate le cose che io vi comando. Io non vi chiamo pi\u00f9 servi, perch\u00e9 il servo non sa quello che fa il suo signore; ma vi ho chiamati amici, perch\u00e9 vi ho fatto conoscere tutte le cose che ho udite dal Padre mio\u201d: \u201cAmatevi fra voi, perch\u00e9 io vi ho gi\u00e0 amato fino a dare la mia vita per voi. Amatevi fra voi, per essere i miei amici, voi che gi\u00e0 siete i miei amici, perch\u00e9 io vi ho fatto conoscere tutto quello che il Padre mi ha detto&#8230;\u201d.<\/p>\n\n\n\n<p>Noi possiamo amarci. Abbiamo questa meravigliosa libert\u00e0, perch\u00e9 siamo stati amati e siamo amati. Amati da Ges\u00f9 che ci ha donato la sua stessa vita, ed amati dal Padre che ci donato le sue dieci parole. Noi possiamo chinarci con attenzione e affetto gli uni verso gli altri, perch\u00e9 Ges\u00f9, e con lui il Padre stesso, s&#8217;\u00e8 chinato su di noi con la sua premurosa tenerezza.<\/p>\n\n\n\n<p class=\"has-text-align-right\"><em>Il pastore<\/em><\/p>\n\n\n\n<figure class=\"wp-block-embed-youtube wp-block-embed is-type-video is-provider-youtube wp-embed-aspect-16-9 wp-has-aspect-ratio\"><div class=\"wp-block-embed__wrapper\">\n<iframe loading=\"lazy\" title=\"Culto domenica 03 maggio 2020 - TERZA dopo PASQUA (#8)\" width=\"640\" height=\"360\" src=\"https:\/\/www.youtube.com\/embed\/2_DFWNh1KPA?feature=oembed\" frameborder=\"0\" allow=\"accelerometer; autoplay; clipboard-write; encrypted-media; gyroscope; picture-in-picture; web-share\" referrerpolicy=\"strict-origin-when-cross-origin\" allowfullscreen><\/iframe>\n<\/div><\/figure>\n","protected":false},"excerpt":{"rendered":"<p>GIOVANNI 15, 1\u201317 Nel discorso ai discepoli in Giovanni 15, Ges\u00f9 \u2013 come sul Monte Sinai Dio a Israele \u2013 si presenta loro, in maniera solenne, come la \u201cvera vite\u201d.<\/p>\n","protected":false},"author":1,"featured_media":60,"comment_status":"open","ping_status":"open","sticky":false,"template":"","format":"standard","meta":{"_jetpack_memberships_contains_paid_content":false,"footnotes":""},"categories":[3],"tags":[],"class_list":["post-58","post","type-post","status-publish","format-standard","has-post-thumbnail","hentry","category-culto"],"jetpack_featured_media_url":"https:\/\/vallivaldesi.chiesavaldese.org\/san-germano-chisone\/wp-content\/uploads\/sites\/13\/2020\/05\/divine-light-1296353_1920.jpg","jetpack_sharing_enabled":true,"_links":{"self":[{"href":"https:\/\/vallivaldesi.chiesavaldese.org\/san-germano-chisone\/wp-json\/wp\/v2\/posts\/58","targetHints":{"allow":["GET"]}}],"collection":[{"href":"https:\/\/vallivaldesi.chiesavaldese.org\/san-germano-chisone\/wp-json\/wp\/v2\/posts"}],"about":[{"href":"https:\/\/vallivaldesi.chiesavaldese.org\/san-germano-chisone\/wp-json\/wp\/v2\/types\/post"}],"author":[{"embeddable":true,"href":"https:\/\/vallivaldesi.chiesavaldese.org\/san-germano-chisone\/wp-json\/wp\/v2\/users\/1"}],"replies":[{"embeddable":true,"href":"https:\/\/vallivaldesi.chiesavaldese.org\/san-germano-chisone\/wp-json\/wp\/v2\/comments?post=58"}],"version-history":[{"count":1,"href":"https:\/\/vallivaldesi.chiesavaldese.org\/san-germano-chisone\/wp-json\/wp\/v2\/posts\/58\/revisions"}],"predecessor-version":[{"id":59,"href":"https:\/\/vallivaldesi.chiesavaldese.org\/san-germano-chisone\/wp-json\/wp\/v2\/posts\/58\/revisions\/59"}],"wp:featuredmedia":[{"embeddable":true,"href":"https:\/\/vallivaldesi.chiesavaldese.org\/san-germano-chisone\/wp-json\/wp\/v2\/media\/60"}],"wp:attachment":[{"href":"https:\/\/vallivaldesi.chiesavaldese.org\/san-germano-chisone\/wp-json\/wp\/v2\/media?parent=58"}],"wp:term":[{"taxonomy":"category","embeddable":true,"href":"https:\/\/vallivaldesi.chiesavaldese.org\/san-germano-chisone\/wp-json\/wp\/v2\/categories?post=58"},{"taxonomy":"post_tag","embeddable":true,"href":"https:\/\/vallivaldesi.chiesavaldese.org\/san-germano-chisone\/wp-json\/wp\/v2\/tags?post=58"}],"curies":[{"name":"wp","href":"https:\/\/api.w.org\/{rel}","templated":true}]}}