{"id":56,"date":"2020-04-26T10:59:00","date_gmt":"2020-04-26T08:59:00","guid":{"rendered":"https:\/\/www.vallivaldesi.chiesavaldese.org\/san-germano-chisone\/?p=56"},"modified":"2020-05-06T11:12:11","modified_gmt":"2020-05-06T09:12:11","slug":"culto-26-04-2020-seconda-dopo-pasqua-in-tempo-di-coronavirus","status":"publish","type":"post","link":"https:\/\/vallivaldesi.chiesavaldese.org\/san-germano-chisone\/2020\/04\/26\/culto-26-04-2020-seconda-dopo-pasqua-in-tempo-di-coronavirus\/","title":{"rendered":"Culto 26\/04\/2020 &#8211; SECONDA dopo PASQUA (in tempo di coronavirus)"},"content":{"rendered":"\n<p class=\"has-text-align-right\"><em>luca 24, 13 \u2013 35<\/em><\/p>\n\n\n\n<p>Questa \u00e8 una pagina che ci fa camminare, e infatti inizia con una strada, la via che da Gerusalemme va verso la campagna. Su quella strada vanno due viandanti, camminano e discutono fra loro, sembrano quasi arrabbiati, ma in realt\u00e0 sono tristi: hanno il volto incupito, gli occhi spenti. E poi alla fine di questa stessa pagina, ecco la stessa strada, gli stessi due viandanti che la ripercorrono in senso inverso. Ma stavolta non parlano, non discutono: corrono e sorridono, e sorridono e corrono, col volto luminoso e gli occhi sfavillanti&#8230;<\/p>\n\n\n\n<p>Ma cos&#8217;\u00e8 mai accaduto tra l&#8217;inizio e la fine, tra l&#8217;andata e il ritorno? Che cosa \u00e8 capitato a quelle due persone? \u00c8 capitato che uno sconosciuto \u201csi \u00e8 avvicinato\u201d e ha \u201ccominciato a camminare con loro\u201d, a condividere prima i loro passi e poi le loro parole e i loro pensieri&#8230; S\u00ec, quello sconosciuto ha chiesto ai suoi compagni di strada di che stessero parlando, e Cleopa, uno dei due, gli ha risposto: \u201cTu solo sei cos\u00ec forestiero in Gerusalemme, da non sapere quel che \u00e8 accaduto proprio in questi giorni?\u201d. E gli ha raccontato di \u201cGes\u00f9 il Nazareno\u201d, delle grandi speranze che tanti avevano riposto in lui sperando addirittura che fosse il Messia che finalmente \u201cavrebbe liberato Israele\u201d. Invece, \u00e8 stato rigettato, condannato a morte e crocifisso. Dalla sua morte e dalla sepoltura sono trascorsi tre giorni, ed in quelle settantadue ore, con lui \u00e8 morta e sepolta la speranza dei tanti che avevano creduto in lui, e la loro speranza. \u201cCerto\u201d &#8211; ha proseguito Cleopa &#8211; \u201cci sono state anche delle donne che hanno parlato della sua tomba vuota, di un\u2019apparizione di angeli che dicono che \u00e8 vivo, e alcuni dei nostri sono corsi fino al sepolcro e l&#8217;hanno trovato vuoto, ma lui non l&#8217;hanno visto. Noi comunque, abbiamo deciso di mettere fine a questa storia e di tornarcene a casa. Gi\u00e0 \u00e8 stato doloroso aver sperato invano in qualcuno mentre era vivo, non vogliamo rischiare un&#8217;altra delusione ancora pi\u00f9 cocente, sperando in chi \u00e8 sparito da morto&#8230;\u201d.<\/p>\n\n\n\n<p>Lo sconosciuto, allora, ha dato ai due suoi compagni di cammino una bella strapazzata: \u201cO insensati e lenti di cuore!\u201d. E per\u00f2, la sua voce era cos\u00ec calda, che persino ascoltando quei rimproveri i due discepoli sentivano battere un po\u2019 pi\u00f9 forte il loro lento cuore\u2026 E anche quando poi quel viandante sconosciuto s&#8217;\u00e8 addentrato a parlare di Scritture, di Messia e profezie, quei discorsi difficili che facilmente annoiano, stranamente, loro due che li ascoltavano, avrebbero voluto non finissero mai&#8230;<\/p>\n\n\n\n<p>Ma intanto era finito il loro percorso, e era finito il giorno: \u00e8 il tramonto, e ecco Emmaus. Lo sconosciuto sembra voler proseguire la sua strada, ma i due insistono che resti, pernotti in casa loro. E l&#8217;invito \u00e8 accettato_ colui che adesso \u00e8 un ospite siede alla loro tavola e prende il loro pane, lo benedice, lo spezza e lo d\u00e0 loro. E ecco,\u201cnello spezzare il pane\u201d, il riconoscimento: \u00e8 Ges\u00f9, \u00e8 proprio lui! Ma ecco, un momento dopo non c&#8217;\u00e8 pi\u00f9. Restano solo il pane sulla tavola ed una domanda: &#8220;Non sentivamo ardere il cuore dentro di noi mentre ci parlava per la via e ci spiegava le Scritture?&#8221;. Poi una gioia esplosiva, da condividere senza perdere tempo. \u00c8 notte ormai, e di notte non si viaggia, ma stavolta si viaggia, anzi si corre! Ed eccoli l\u00ec allora, i nostri due viandanti, con gli occhi con i piedi che volano come avessero le ali. Corrono dai loro fratelli, a dire quello che gi\u00e0 hanno detto le donne e gli angeli, ma che va ripetuto da una parte e dall\u2019altra, che \u00e8 bellissimo ridirsi gli uni gli altri. \u00c8 il bellissimo dialogo fra gli undici e gli altri che erano con loro, e i due di Emmaus: \u201cIl Signore \u00e8 davvero risorto, ed \u00e8 apparso a Simone!\u201d. \u201cS\u00ec, \u00e8 veramente risorto! Era con noi sulla strada. E l\u2019abbiamo riconosciuto mentre, sul far della sera, spezzava il pane per noi\u201d.<\/p>\n\n\n\n<p class=\"has-text-align-right\"><em>Il pastore<\/em><\/p>\n\n\n\n<figure class=\"wp-block-embed-youtube wp-block-embed is-type-video is-provider-youtube wp-embed-aspect-16-9 wp-has-aspect-ratio\"><div class=\"wp-block-embed__wrapper\">\n<iframe loading=\"lazy\" title=\"Culto domenica 26 aprile 2020 - SECONDA dopo PASQUA (#7)\" width=\"640\" height=\"360\" src=\"https:\/\/www.youtube.com\/embed\/xdztNoqu48M?feature=oembed\" frameborder=\"0\" allow=\"accelerometer; autoplay; clipboard-write; encrypted-media; gyroscope; picture-in-picture; web-share\" referrerpolicy=\"strict-origin-when-cross-origin\" allowfullscreen><\/iframe>\n<\/div><\/figure>\n","protected":false},"excerpt":{"rendered":"<p>luca 24, 13 \u2013 35 Questa \u00e8 una pagina che ci fa camminare, e infatti inizia con una strada, la via che da Gerusalemme va verso la campagna. Su quella<\/p>\n","protected":false},"author":1,"featured_media":61,"comment_status":"open","ping_status":"open","sticky":false,"template":"","format":"standard","meta":{"_jetpack_memberships_contains_paid_content":false,"footnotes":""},"categories":[3],"tags":[],"class_list":["post-56","post","type-post","status-publish","format-standard","has-post-thumbnail","hentry","category-culto"],"jetpack_featured_media_url":"https:\/\/vallivaldesi.chiesavaldese.org\/san-germano-chisone\/wp-content\/uploads\/sites\/13\/2020\/04\/sun-3130638_1920.jpg","jetpack_sharing_enabled":true,"_links":{"self":[{"href":"https:\/\/vallivaldesi.chiesavaldese.org\/san-germano-chisone\/wp-json\/wp\/v2\/posts\/56","targetHints":{"allow":["GET"]}}],"collection":[{"href":"https:\/\/vallivaldesi.chiesavaldese.org\/san-germano-chisone\/wp-json\/wp\/v2\/posts"}],"about":[{"href":"https:\/\/vallivaldesi.chiesavaldese.org\/san-germano-chisone\/wp-json\/wp\/v2\/types\/post"}],"author":[{"embeddable":true,"href":"https:\/\/vallivaldesi.chiesavaldese.org\/san-germano-chisone\/wp-json\/wp\/v2\/users\/1"}],"replies":[{"embeddable":true,"href":"https:\/\/vallivaldesi.chiesavaldese.org\/san-germano-chisone\/wp-json\/wp\/v2\/comments?post=56"}],"version-history":[{"count":1,"href":"https:\/\/vallivaldesi.chiesavaldese.org\/san-germano-chisone\/wp-json\/wp\/v2\/posts\/56\/revisions"}],"predecessor-version":[{"id":57,"href":"https:\/\/vallivaldesi.chiesavaldese.org\/san-germano-chisone\/wp-json\/wp\/v2\/posts\/56\/revisions\/57"}],"wp:featuredmedia":[{"embeddable":true,"href":"https:\/\/vallivaldesi.chiesavaldese.org\/san-germano-chisone\/wp-json\/wp\/v2\/media\/61"}],"wp:attachment":[{"href":"https:\/\/vallivaldesi.chiesavaldese.org\/san-germano-chisone\/wp-json\/wp\/v2\/media?parent=56"}],"wp:term":[{"taxonomy":"category","embeddable":true,"href":"https:\/\/vallivaldesi.chiesavaldese.org\/san-germano-chisone\/wp-json\/wp\/v2\/categories?post=56"},{"taxonomy":"post_tag","embeddable":true,"href":"https:\/\/vallivaldesi.chiesavaldese.org\/san-germano-chisone\/wp-json\/wp\/v2\/tags?post=56"}],"curies":[{"name":"wp","href":"https:\/\/api.w.org\/{rel}","templated":true}]}}