{"id":326,"date":"2026-01-27T23:16:05","date_gmt":"2026-01-27T22:16:05","guid":{"rendered":"https:\/\/vallivaldesi.chiesavaldese.org\/san-germano-chisone\/?p=326"},"modified":"2026-01-27T23:20:35","modified_gmt":"2026-01-27T22:20:35","slug":"cantiamo-per-la-pace","status":"publish","type":"post","link":"https:\/\/vallivaldesi.chiesavaldese.org\/san-germano-chisone\/2026\/01\/27\/cantiamo-per-la-pace\/","title":{"rendered":"Concerto \u201cCantiamo per la pace\u201d, i brani"},"content":{"rendered":"\n<p>Chiesa di Santa Maria Assunta &#8211; Sabato 24 Gennaio 2026 &#8211; Bricherasio (TO)<\/p>\n\n\n\n<p>Serata di canti e brevi letture A CURA DELLA CORALE VALDESE di SAN GERMANO CHISONE per denunciare e ripudiare ogni crimine contro l\u2019umanit\u00e0<\/p>\n\n\n\n<p>Direttore Enrico CHARBONNIER<\/p>\n\n\n\n<p>Violinista Maestro Enrico GROPPO<\/p>\n\n\n\n<blockquote class=\"wp-block-quote is-layout-flow wp-block-quote-is-layout-flow\">\n<p>Ogni morte di uomo mi diminuisce, perch\u00e9 io partecipo dell&#8217;umanit\u00e0: e cos\u00ec non mandare mai a chiedere per chi suona una campana: essa suona per te.<\/p>\n<cite>John Donne &#8211; Poeta e religioso inglese<\/cite><\/blockquote>\n\n\n\n<p>Non possiamo permettere che le nostre coscienze siano insensibili alla disumanit\u00e0 crescente nel pianeta. Nel nostro piccolo, possiamo fare tanto per un &#8220;mondo migliore&#8221;! Ma bisogna essere in tanti ed avere il coraggio di &#8220;esporsi&#8221;. Noi lo facciamo, in pubblico, con la musica ed il canto che sono forme di resistenza e di denuncia!<\/p>\n\n\n\n<figure class=\"wp-block-embed is-type-video is-provider-youtube wp-block-embed-youtube wp-embed-aspect-16-9 wp-has-aspect-ratio\"><div class=\"wp-block-embed__wrapper\">\n<iframe loading=\"lazy\" title=\"Corale Valdese di San Germano Chisone - &quot;CANTIAMO PER LA PACE&quot; Bricherasio (TO)\" width=\"640\" height=\"360\" src=\"https:\/\/www.youtube.com\/embed\/WB5T_4HDij8?feature=oembed\" frameborder=\"0\" allow=\"accelerometer; autoplay; clipboard-write; encrypted-media; gyroscope; picture-in-picture; web-share\" referrerpolicy=\"strict-origin-when-cross-origin\" allowfullscreen><\/iframe>\n<\/div><\/figure>\n","protected":false},"excerpt":{"rendered":"<p>Chiesa di Santa Maria Assunta &#8211; Sabato 24 Gennaio 2026 &#8211; Bricherasio (TO) Serata di canti e brevi letture A CURA DELLA CORALE VALDESE di SAN GERMANO CHISONE per denunciare<\/p>\n","protected":false},"author":26,"featured_media":327,"comment_status":"open","ping_status":"open","sticky":false,"template":"","format":"standard","meta":{"_jetpack_memberships_contains_paid_content":false,"footnotes":""},"categories":[4,14],"tags":[],"class_list":["post-326","post","type-post","status-publish","format-standard","has-post-thumbnail","hentry","category-corale","category-evento"],"jetpack_featured_media_url":"https:\/\/vallivaldesi.chiesavaldese.org\/san-germano-chisone\/wp-content\/uploads\/sites\/13\/2026\/01\/1280_720.jpg","jetpack_sharing_enabled":true,"_links":{"self":[{"href":"https:\/\/vallivaldesi.chiesavaldese.org\/san-germano-chisone\/wp-json\/wp\/v2\/posts\/326","targetHints":{"allow":["GET"]}}],"collection":[{"href":"https:\/\/vallivaldesi.chiesavaldese.org\/san-germano-chisone\/wp-json\/wp\/v2\/posts"}],"about":[{"href":"https:\/\/vallivaldesi.chiesavaldese.org\/san-germano-chisone\/wp-json\/wp\/v2\/types\/post"}],"author":[{"embeddable":true,"href":"https:\/\/vallivaldesi.chiesavaldese.org\/san-germano-chisone\/wp-json\/wp\/v2\/users\/26"}],"replies":[{"embeddable":true,"href":"https:\/\/vallivaldesi.chiesavaldese.org\/san-germano-chisone\/wp-json\/wp\/v2\/comments?post=326"}],"version-history":[{"count":5,"href":"https:\/\/vallivaldesi.chiesavaldese.org\/san-germano-chisone\/wp-json\/wp\/v2\/posts\/326\/revisions"}],"predecessor-version":[{"id":332,"href":"https:\/\/vallivaldesi.chiesavaldese.org\/san-germano-chisone\/wp-json\/wp\/v2\/posts\/326\/revisions\/332"}],"wp:featuredmedia":[{"embeddable":true,"href":"https:\/\/vallivaldesi.chiesavaldese.org\/san-germano-chisone\/wp-json\/wp\/v2\/media\/327"}],"wp:attachment":[{"href":"https:\/\/vallivaldesi.chiesavaldese.org\/san-germano-chisone\/wp-json\/wp\/v2\/media?parent=326"}],"wp:term":[{"taxonomy":"category","embeddable":true,"href":"https:\/\/vallivaldesi.chiesavaldese.org\/san-germano-chisone\/wp-json\/wp\/v2\/categories?post=326"},{"taxonomy":"post_tag","embeddable":true,"href":"https:\/\/vallivaldesi.chiesavaldese.org\/san-germano-chisone\/wp-json\/wp\/v2\/tags?post=326"}],"curies":[{"name":"wp","href":"https:\/\/api.w.org\/{rel}","templated":true}]}}