{"id":300,"date":"2025-09-15T08:27:35","date_gmt":"2025-09-15T06:27:35","guid":{"rendered":"https:\/\/vallivaldesi.chiesavaldese.org\/san-germano-chisone\/?p=300"},"modified":"2025-09-15T08:27:35","modified_gmt":"2025-09-15T06:27:35","slug":"mostra-fotografica","status":"publish","type":"post","link":"https:\/\/vallivaldesi.chiesavaldese.org\/san-germano-chisone\/2025\/09\/15\/mostra-fotografica\/","title":{"rendered":"Mostra Fotografica"},"content":{"rendered":"\n<p>Mostra fotografica &#8220;Storie e volti della nostra Resistenza: 1945-2025&#8221;, presso le salette della Chiesa Valdese di San Germano Chisone in Via Scuole, 6 (strada accesso al Comune)<\/p>\n\n\n\n<p>Il curatore della mostra, <strong>Tiziano Giustetto<\/strong>, sar\u00e0 presente per tutta la durata dell\u2019esposizione e sar\u00e0 a disposizione dei visitatori. La sua presenza costante permetter\u00e0 non solo di ricevere spiegazioni e approfondimenti sulle opere esposte, ma anche di instaurare un dialogo diretto con chi ha ideato e curato il percorso espositivo. In questo modo la visita potr\u00e0 trasformarsi in un\u2019esperienza pi\u00f9 ricca e coinvolgente, con la possibilit\u00e0 di chiarire curiosit\u00e0, cogliere dettagli e comprendere meglio il significato e il contesto delle opere presentate.<\/p>\n","protected":false},"excerpt":{"rendered":"<p>Mostra fotografica &#8220;Storie e volti della nostra Resistenza: 1945-2025&#8221;, presso le salette della Chiesa Valdese di San Germano Chisone in Via Scuole, 6 (strada accesso al Comune) Il curatore della<\/p>\n","protected":false},"author":26,"featured_media":301,"comment_status":"open","ping_status":"open","sticky":false,"template":"","format":"standard","meta":{"_jetpack_memberships_contains_paid_content":false,"footnotes":""},"categories":[14],"tags":[],"class_list":["post-300","post","type-post","status-publish","format-standard","has-post-thumbnail","hentry","category-evento"],"jetpack_featured_media_url":"https:\/\/vallivaldesi.chiesavaldese.org\/san-germano-chisone\/wp-content\/uploads\/sites\/13\/2025\/09\/locandina23-28_09_2025.jpeg","jetpack_sharing_enabled":true,"_links":{"self":[{"href":"https:\/\/vallivaldesi.chiesavaldese.org\/san-germano-chisone\/wp-json\/wp\/v2\/posts\/300","targetHints":{"allow":["GET"]}}],"collection":[{"href":"https:\/\/vallivaldesi.chiesavaldese.org\/san-germano-chisone\/wp-json\/wp\/v2\/posts"}],"about":[{"href":"https:\/\/vallivaldesi.chiesavaldese.org\/san-germano-chisone\/wp-json\/wp\/v2\/types\/post"}],"author":[{"embeddable":true,"href":"https:\/\/vallivaldesi.chiesavaldese.org\/san-germano-chisone\/wp-json\/wp\/v2\/users\/26"}],"replies":[{"embeddable":true,"href":"https:\/\/vallivaldesi.chiesavaldese.org\/san-germano-chisone\/wp-json\/wp\/v2\/comments?post=300"}],"version-history":[{"count":2,"href":"https:\/\/vallivaldesi.chiesavaldese.org\/san-germano-chisone\/wp-json\/wp\/v2\/posts\/300\/revisions"}],"predecessor-version":[{"id":303,"href":"https:\/\/vallivaldesi.chiesavaldese.org\/san-germano-chisone\/wp-json\/wp\/v2\/posts\/300\/revisions\/303"}],"wp:featuredmedia":[{"embeddable":true,"href":"https:\/\/vallivaldesi.chiesavaldese.org\/san-germano-chisone\/wp-json\/wp\/v2\/media\/301"}],"wp:attachment":[{"href":"https:\/\/vallivaldesi.chiesavaldese.org\/san-germano-chisone\/wp-json\/wp\/v2\/media?parent=300"}],"wp:term":[{"taxonomy":"category","embeddable":true,"href":"https:\/\/vallivaldesi.chiesavaldese.org\/san-germano-chisone\/wp-json\/wp\/v2\/categories?post=300"},{"taxonomy":"post_tag","embeddable":true,"href":"https:\/\/vallivaldesi.chiesavaldese.org\/san-germano-chisone\/wp-json\/wp\/v2\/tags?post=300"}],"curies":[{"name":"wp","href":"https:\/\/api.w.org\/{rel}","templated":true}]}}