{"id":177,"date":"2025-07-25T10:00:00","date_gmt":"2025-07-25T08:00:00","guid":{"rendered":"https:\/\/vallivaldesi.chiesavaldese.org\/rora\/?p=177"},"modified":"2025-07-25T14:16:27","modified_gmt":"2025-07-25T12:16:27","slug":"una-ricca-estate-a-rora","status":"publish","type":"post","link":"https:\/\/vallivaldesi.chiesavaldese.org\/rora\/2025\/07\/25\/una-ricca-estate-a-rora\/","title":{"rendered":"Una ricca estate a Ror\u00e0"},"content":{"rendered":"\n<p>Tanti gli appuntamenti che vedono coinvolta la nostra chiesa, o i suoi locali, in collaborazione con vari soggetti del territorio: <\/p>\n\n\n\n<p><strong>venerd\u00ec 25 luglio<br><\/strong>Alle 16 alla sala valdese (v. Duca Amedeo) &#8220;Una pagina di storia della Resistenza a Ror\u00e0&#8221;, con Andrea Geymet. A seguire, alle 19,30 alla sala comunale di piazza Fontana, su prenotazione, pastasciutta antifascista a cura delle sezioni Anpi della val Pellice per ricordare la pastasciutta offerta dai fratelli Cervi dopo la caduta del fascismo il 25 luglio 1943. Alle 21,30 proiezione del docufilm \u201cViola\u201d sulla vita di Viola Lageard.<\/p>\n\n\n\n<p><strong>sabato 26 luglio<\/strong><br>Alle 15 alla sala valdese la Societ\u00e0 di studi rorenghi, in collaborazione con MineraLuserna e associazione Sen Gian, presenta \u201cUn viaggio tra i marmi delle valli valdesi: il marmo rorengo e la sua vocazione alla calce\u201d con il dott. Gabriele Vola, geologo. Al termine della presentazione \u00e8 prevista una breve passeggiata fino alla localit\u00e0 Fornaci.<\/p>\n\n\n\n<p><strong>venerd\u00ec 1\u00b0 agosto<\/strong><br>Spettacolo &#8220;Barbet: e venne il tempo della libert\u00e0 &#8221; del Gruppo Teatro Angrogna, con Marisa Sapp\u00e9, Maura Bertin, Grazia Bordini e Jean Louis Sapp\u00e8 e la collaborazione tecnica di Erica e Marco Rovara. Ingresso libero. Alle ore 21 nella sala valdese.<\/p>\n\n\n\n<p><strong>sabato 2 agosto<\/strong><br>All&#8217;interno del programma delle passeggiate storiche del Coordinamento musei e luoghi storici, Caccia al tesoro fotografica per le vie del paese, dalle 16 alle 18 circa, organizzata dalla Societ\u00e0 di studi rorenghi. A seguire visita al museo e merenda. Per informazioni e iscrizioni scrivere a il.barba@fondazionevaldese.org.<\/p>\n\n\n\n<p><strong>domenica 3 agosto<\/strong><br>Il gruppo donne della chiesa valdese presenta il consueto bazar in piazza (o nella sala valdese in caso di maltempo) per tutta la giornata, con dolci, pane, manufatti, idee regalo, e ricchi premi a sostegno delle attivit\u00e0 della chiesa.<\/p>\n\n\n\n<p><strong>sabato 9 agosto<\/strong><br>Alle ore 21,30 nella Sala Valdese la Societ\u00e0 di Studi Rorenghi presenta lo spettacolo del gruppo Teatro Variabile 5 &#8220;Il Corbaccio&#8221; con Carlo Curto, Fiammetta Gullo, Katia Malan e Alberto Rocca. Da un testo di Andrea Salusso con la regia di Gianni Bissaca. Alle luci Piermario Sapp\u00e8, ai suoni Estelle Fornerone. Ingresso a offerta libera.<\/p>\n\n\n\n<p><strong>sabato 30 agosto<\/strong><br>Alle 16,30 alla sala valdese la Societ\u00e0 di Studi rorenghi e la biblioteca comunale presentano il libro di Francesca Berardi \u201cL\u2019invenzione dei tuoi occhi\u201d. Interviene l\u2019autrice, in dialogo con Sara Tourn. Per l\u2019occasione sar\u00e0 esposta la mostra \u201cGli occhiali di Walter\u201d, da cui nasce il libro, presso il museo, visitabile sabato 30 dalle 18 alle 19,30 e domenica 31 dalle 10 alle 12 e dalle 16 alle 19.<\/p>\n\n\n\n<figure class=\"wp-block-gallery has-nested-images columns-default is-cropped wp-block-gallery-1 is-layout-flex wp-block-gallery-is-layout-flex\">\n<figure class=\"wp-block-image size-large\"><img loading=\"lazy\" decoding=\"async\" width=\"724\" height=\"1024\" data-id=\"178\" src=\"https:\/\/vallivaldesi.chiesavaldese.org\/rora\/wp-content\/uploads\/sites\/12\/2025\/07\/25pastasciutta-antifascista-724x1024.jpg\" alt=\"\" class=\"wp-image-178\" srcset=\"https:\/\/vallivaldesi.chiesavaldese.org\/rora\/wp-content\/uploads\/sites\/12\/2025\/07\/25pastasciutta-antifascista-724x1024.jpg 724w, https:\/\/vallivaldesi.chiesavaldese.org\/rora\/wp-content\/uploads\/sites\/12\/2025\/07\/25pastasciutta-antifascista-212x300.jpg 212w, https:\/\/vallivaldesi.chiesavaldese.org\/rora\/wp-content\/uploads\/sites\/12\/2025\/07\/25pastasciutta-antifascista-768x1086.jpg 768w, https:\/\/vallivaldesi.chiesavaldese.org\/rora\/wp-content\/uploads\/sites\/12\/2025\/07\/25pastasciutta-antifascista-1086x1536.jpg 1086w, https:\/\/vallivaldesi.chiesavaldese.org\/rora\/wp-content\/uploads\/sites\/12\/2025\/07\/25pastasciutta-antifascista.jpg 1414w\" sizes=\"auto, (max-width: 724px) 100vw, 724px\" \/><\/figure>\n\n\n\n<figure class=\"wp-block-image size-large\"><img loading=\"lazy\" decoding=\"async\" width=\"739\" height=\"1024\" data-id=\"181\" src=\"https:\/\/vallivaldesi.chiesavaldese.org\/rora\/wp-content\/uploads\/sites\/12\/2025\/07\/26vola-739x1024.jpg\" alt=\"\" class=\"wp-image-181\" srcset=\"https:\/\/vallivaldesi.chiesavaldese.org\/rora\/wp-content\/uploads\/sites\/12\/2025\/07\/26vola-739x1024.jpg 739w, https:\/\/vallivaldesi.chiesavaldese.org\/rora\/wp-content\/uploads\/sites\/12\/2025\/07\/26vola-216x300.jpg 216w, https:\/\/vallivaldesi.chiesavaldese.org\/rora\/wp-content\/uploads\/sites\/12\/2025\/07\/26vola-768x1065.jpg 768w, https:\/\/vallivaldesi.chiesavaldese.org\/rora\/wp-content\/uploads\/sites\/12\/2025\/07\/26vola-1108x1536.jpg 1108w, https:\/\/vallivaldesi.chiesavaldese.org\/rora\/wp-content\/uploads\/sites\/12\/2025\/07\/26vola.jpg 1154w\" sizes=\"auto, (max-width: 739px) 100vw, 739px\" \/><\/figure>\n\n\n\n<figure class=\"wp-block-image size-large\"><img loading=\"lazy\" decoding=\"async\" width=\"724\" height=\"1024\" data-id=\"183\" src=\"https:\/\/vallivaldesi.chiesavaldese.org\/rora\/wp-content\/uploads\/sites\/12\/2025\/07\/corbaccio-724x1024.jpeg\" alt=\"\" class=\"wp-image-183\" srcset=\"https:\/\/vallivaldesi.chiesavaldese.org\/rora\/wp-content\/uploads\/sites\/12\/2025\/07\/corbaccio-724x1024.jpeg 724w, https:\/\/vallivaldesi.chiesavaldese.org\/rora\/wp-content\/uploads\/sites\/12\/2025\/07\/corbaccio-212x300.jpeg 212w, https:\/\/vallivaldesi.chiesavaldese.org\/rora\/wp-content\/uploads\/sites\/12\/2025\/07\/corbaccio-768x1086.jpeg 768w, https:\/\/vallivaldesi.chiesavaldese.org\/rora\/wp-content\/uploads\/sites\/12\/2025\/07\/corbaccio-1086x1536.jpeg 1086w, https:\/\/vallivaldesi.chiesavaldese.org\/rora\/wp-content\/uploads\/sites\/12\/2025\/07\/corbaccio.jpeg 1131w\" sizes=\"auto, (max-width: 724px) 100vw, 724px\" \/><\/figure>\n\n\n\n<figure class=\"wp-block-image size-large\"><img loading=\"lazy\" decoding=\"async\" width=\"724\" height=\"1024\" data-id=\"182\" src=\"https:\/\/vallivaldesi.chiesavaldese.org\/rora\/wp-content\/uploads\/sites\/12\/2025\/07\/2passeggiata-e-caccia-al-tesoro-724x1024.jpeg\" alt=\"\" class=\"wp-image-182\" srcset=\"https:\/\/vallivaldesi.chiesavaldese.org\/rora\/wp-content\/uploads\/sites\/12\/2025\/07\/2passeggiata-e-caccia-al-tesoro-724x1024.jpeg 724w, https:\/\/vallivaldesi.chiesavaldese.org\/rora\/wp-content\/uploads\/sites\/12\/2025\/07\/2passeggiata-e-caccia-al-tesoro-212x300.jpeg 212w, https:\/\/vallivaldesi.chiesavaldese.org\/rora\/wp-content\/uploads\/sites\/12\/2025\/07\/2passeggiata-e-caccia-al-tesoro-768x1086.jpeg 768w, https:\/\/vallivaldesi.chiesavaldese.org\/rora\/wp-content\/uploads\/sites\/12\/2025\/07\/2passeggiata-e-caccia-al-tesoro-1086x1536.jpeg 1086w, https:\/\/vallivaldesi.chiesavaldese.org\/rora\/wp-content\/uploads\/sites\/12\/2025\/07\/2passeggiata-e-caccia-al-tesoro.jpeg 1131w\" sizes=\"auto, (max-width: 724px) 100vw, 724px\" \/><\/figure>\n\n\n\n<figure class=\"wp-block-image size-large\"><img loading=\"lazy\" decoding=\"async\" width=\"725\" height=\"1024\" data-id=\"185\" src=\"https:\/\/vallivaldesi.chiesavaldese.org\/rora\/wp-content\/uploads\/sites\/12\/2025\/07\/Rora-presentazione-Francesca-Berardi-725x1024.jpeg\" alt=\"\" class=\"wp-image-185\" srcset=\"https:\/\/vallivaldesi.chiesavaldese.org\/rora\/wp-content\/uploads\/sites\/12\/2025\/07\/Rora-presentazione-Francesca-Berardi-725x1024.jpeg 725w, https:\/\/vallivaldesi.chiesavaldese.org\/rora\/wp-content\/uploads\/sites\/12\/2025\/07\/Rora-presentazione-Francesca-Berardi-212x300.jpeg 212w, https:\/\/vallivaldesi.chiesavaldese.org\/rora\/wp-content\/uploads\/sites\/12\/2025\/07\/Rora-presentazione-Francesca-Berardi-768x1085.jpeg 768w, https:\/\/vallivaldesi.chiesavaldese.org\/rora\/wp-content\/uploads\/sites\/12\/2025\/07\/Rora-presentazione-Francesca-Berardi-1087x1536.jpeg 1087w, https:\/\/vallivaldesi.chiesavaldese.org\/rora\/wp-content\/uploads\/sites\/12\/2025\/07\/Rora-presentazione-Francesca-Berardi.jpeg 1123w\" sizes=\"auto, (max-width: 725px) 100vw, 725px\" \/><\/figure>\n<\/figure>\n","protected":false},"excerpt":{"rendered":"<p>Tanti gli appuntamenti che vedono coinvolta la nostra chiesa, o i suoi locali, in collaborazione con vari soggetti del territorio: venerd\u00ec 25 luglioAlle 16 alla sala valdese (v. Duca Amedeo)<\/p>\n","protected":false},"author":7,"featured_media":187,"comment_status":"open","ping_status":"open","sticky":false,"template":"","format":"standard","meta":{"_jetpack_memberships_contains_paid_content":false,"footnotes":""},"categories":[1],"tags":[],"class_list":["post-177","post","type-post","status-publish","format-standard","has-post-thumbnail","hentry","category-senza-categoria"],"jetpack_featured_media_url":"https:\/\/vallivaldesi.chiesavaldese.org\/rora\/wp-content\/uploads\/sites\/12\/2025\/07\/eventi-estivi25.jpg","jetpack_sharing_enabled":true,"_links":{"self":[{"href":"https:\/\/vallivaldesi.chiesavaldese.org\/rora\/wp-json\/wp\/v2\/posts\/177","targetHints":{"allow":["GET"]}}],"collection":[{"href":"https:\/\/vallivaldesi.chiesavaldese.org\/rora\/wp-json\/wp\/v2\/posts"}],"about":[{"href":"https:\/\/vallivaldesi.chiesavaldese.org\/rora\/wp-json\/wp\/v2\/types\/post"}],"author":[{"embeddable":true,"href":"https:\/\/vallivaldesi.chiesavaldese.org\/rora\/wp-json\/wp\/v2\/users\/7"}],"replies":[{"embeddable":true,"href":"https:\/\/vallivaldesi.chiesavaldese.org\/rora\/wp-json\/wp\/v2\/comments?post=177"}],"version-history":[{"count":5,"href":"https:\/\/vallivaldesi.chiesavaldese.org\/rora\/wp-json\/wp\/v2\/posts\/177\/revisions"}],"predecessor-version":[{"id":189,"href":"https:\/\/vallivaldesi.chiesavaldese.org\/rora\/wp-json\/wp\/v2\/posts\/177\/revisions\/189"}],"wp:featuredmedia":[{"embeddable":true,"href":"https:\/\/vallivaldesi.chiesavaldese.org\/rora\/wp-json\/wp\/v2\/media\/187"}],"wp:attachment":[{"href":"https:\/\/vallivaldesi.chiesavaldese.org\/rora\/wp-json\/wp\/v2\/media?parent=177"}],"wp:term":[{"taxonomy":"category","embeddable":true,"href":"https:\/\/vallivaldesi.chiesavaldese.org\/rora\/wp-json\/wp\/v2\/categories?post=177"},{"taxonomy":"post_tag","embeddable":true,"href":"https:\/\/vallivaldesi.chiesavaldese.org\/rora\/wp-json\/wp\/v2\/tags?post=177"}],"curies":[{"name":"wp","href":"https:\/\/api.w.org\/{rel}","templated":true}]}}