{"id":155,"date":"2025-01-26T21:40:25","date_gmt":"2025-01-26T20:40:25","guid":{"rendered":"https:\/\/vallivaldesi.chiesavaldese.org\/rora\/?p=155"},"modified":"2025-01-26T21:45:13","modified_gmt":"2025-01-26T20:45:13","slug":"sermone-di-domenica-26-gennaio-tratterete-lo-straniero-come-chi-e-nato-fra-voi-poiche-anche-voi-foste-stranieri","status":"publish","type":"post","link":"https:\/\/vallivaldesi.chiesavaldese.org\/rora\/2025\/01\/26\/sermone-di-domenica-26-gennaio-tratterete-lo-straniero-come-chi-e-nato-fra-voi-poiche-anche-voi-foste-stranieri\/","title":{"rendered":"Sermone di domenica 26 gennaio: &#8220;Tratterete lo straniero&#8230; come chi \u00e8 nato fra voi&#8230; poich\u00e9 anche voi foste stranieri&#8230;&#8221;"},"content":{"rendered":"\n<blockquote class=\"wp-block-quote is-layout-flow wp-block-quote-is-layout-flow\">\n<p><em>\u201cQuando qualche straniero abiter\u00e0 con voi nel vostro paese, non gli farete torto. Tratterete lo straniero, che abita fra voi, come chi \u00e8 nato fra voi; tu lo amerai come te stesso; poich\u00e9 anche voi foste stranieri nel paese d\u2019Egitto. Io sono il Signore vostro Dio\u201d<\/em> <\/p>\n<cite>(Levitico 19:33-34)<\/cite><\/blockquote>\n\n\n\n<p><\/p>\n\n\n\n<p class=\"has-text-align-right\">Predicazione del pastore Sergio Manna nel tempio valdese di Ror\u00e0, domenica 26 gennaio 2025. Il versetto proposto dal lezionario per la predicazione risuona in modo particolare pensando ai fatti di attualit\u00e0 degli ultimi giorni&#8230; <\/p>\n\n\n\n<p><\/p>\n\n\n\n<p><\/p>\n\n\n\n<p>Care sorelle e cari fratelli,<\/p>\n\n\n\n<p>luned\u00ec scorso, alle 18.00 (ora italiana) Donald Trump \u00e8 stato insediato ufficialmente quale presidente degli Stati Uniti.&nbsp;<\/p>\n\n\n\n<p>Pochi giorni prima aveva definito gli immigrati \u201ccattivi\u201d e \u201cportatori del gene dell\u2019omicidio\u201d, annunciando che appena dopo il suo insediamento sarebbero iniziate le deportazioni di immigrati irregolari, cosa che sta puntualmente accadendo in questi giorni, con foto e filmati (che hanno gi\u00e0 fatto il giro del mondo) di persone in fila, incatenate mani e piedi, mentre vengono imbarcate a forza su appositi aerei per non si sa dove.&nbsp;<\/p>\n\n\n\n<p>Ebbene, nel corso della culto che ha avuto luogo il giorno dopo l\u2019insediamento, (marted\u00ec scorso), con Trump in prima fila, la vescova della Chiesa Episcopale non ha esitato a pronunciare nella sua predicazione parole che non esiterei a definire profetiche e che mi hanno ricordato i versetti del libro del Levitico scelti per la predicazione di oggi.<\/p>\n\n\n\n<p>Al Presidente Trump, che nel 2000 si era fatto fotografare con la Bibbia in mano davanti alla sua chiesa, la vescova Mariann Edgar Budde, nel suo sermone, ha avuto il coraggio evangelico di ricordare che cosa la Bibbia, da lui usata strumentalmente per raccogliere consensi elettorali, effettivamente richieda a un uomo con il suo potere:&nbsp;<\/p>\n\n\n\n<p>avere misericordia nei confronti delle persone che ora vivono nella paura di essere discriminate a causa del loro orientamento sessuale oppure semplicemente perch\u00e9 stranieri o immigrati.<\/p>\n\n\n\n<p>Verso la fine del sermone, la pastora Budde ha pronunciato queste parole:<\/p>\n\n\n\n<blockquote class=\"wp-block-quote is-layout-flow wp-block-quote-is-layout-flow\">\n<p><em>\u201cNel nome del nostro Dio le chiedo di aver misericordia\u2026 per le persone che lavorano nei nostri campi, nelle nostre industrie, che puliscono i nostri uffici, che sparecchiano i nostri tavoli e lavano i piatti quando mangiamo al ristorante, che fanno i turni di notte in ospedale; forse non hanno la cittadinanza o non hanno tutti i documenti a posto, ma la stragrande maggioranza degli immigrati non sono criminali. Loro pagano le tasse e sono dei buoni vicini di casa. Sono membri fedeli delle nostre chiese, moschee, sinagoghe o altri luoghi di culto e templi.&nbsp;<\/em><\/p>\n\n\n\n<p><em>Io le chiedo di essere misericordioso, Signor Presidente verso coloro i cui bambini, nelle nostre comunit\u00e0, vivono nella paura che i loro genitori vengano deportati; chiedo che lei aiuti coloro che stanno scappando da guerre e persecuzioni in atto nei loro paesi per trovare compassione e accoglienza qui da noi.<\/em><\/p>\n\n\n\n<p><em>Il nostro Dio ci insegna che noi dobbiamo essere misericordiosi verso gli stranieri perch\u00e9 noi tutti un tempo eravamo stranieri in questa terra.&nbsp;<\/em><\/p>\n\n\n\n<p><em>Possa Dio donarci la forza e il coraggio di onorare la dignit\u00e0 di ogni essere umano, di dire la verit\u00e0 gli uni agli altri con amore, di camminare umilmente insieme e con Dio, per il bene di tutte le persone in questa nazione e nel mondo. Amen.\u201d<\/em><\/p>\n<\/blockquote>\n\n\n\n<p><\/p>\n\n\n\n<p>Cos\u00ec si \u00e8 concluso il sermone della vescova della chiesa episcopale.<\/p>\n\n\n\n<p>Si tratta di parole profonde e toccanti, pronunciate con umilt\u00e0 e decisione, da parte di chi conosce e vive la Bibbia come Parola di Dio; una parola alla quale nessun potente di questo mondo dovrebbe sottrarsi, men che meno un presidente che non ha esitato a farsi riprendere a bella posta con la Bibbia in mano, ben in vista, per intercettare i voti dei credenti.<\/p>\n\n\n\n<p>Ebbene, sorelle e fratelli, il libro del Levitico non ha dubbi riguardo a quello che dovrebbe essere l\u2019atteggiamento dei credenti nei confronti dello straniero:<\/p>\n\n\n\n<p><em>\u201cQuando qualche straniero abiter\u00e0 con voi nel vostro paese, non gli farete torto. Tratterete lo straniero, che abita fra voi, come chi \u00e8 nato fra voi; tu lo amerai come te stesso; poich\u00e9 anche voi foste stranieri nel paese d\u2019Egitto. Io sono il Signore vostro Dio\u201d <\/em>(Lev.19:33-34).<\/p>\n\n\n\n<p>Mi piace notare come nel testo non si dica \u201c<em>lo<\/em> <em>straniero che abiter\u00e0 <\/em><em>da<\/em><em> voi\u201d, <\/em>bens\u00ec <em>con<\/em><em> voi<\/em>.&nbsp;<\/p>\n\n\n\n<p>Mentre il <em>da<\/em> sottolineerebbe un elemento di estraneit\u00e0, il <em>con<\/em> sembra invece evidenziare un elemento di accoglienza; direi quasi un elemento di comunione.&nbsp;<\/p>\n\n\n\n<p>Lo straniero non \u00e8 semplicemente uno che vive da me, nel mio territorio; \u00e8 piuttosto uno che vive con me, come parte della comunit\u00e0 della quale io stesso sono parte.<\/p>\n\n\n\n<p>Se a qualcuno venisse il sospetto che queste sottigliezze terminologiche siano al servizio di una tesi faziosa, animata da uno spirito che non pochi oggi definirebbero come \u201cbuonista\u201d, vorrei ricordare che in questo brano del libro del Levitico l\u2019atteggiamento di accoglienza verso lo straniero \u00e8 manifestato in maniera molto chiara:&nbsp;<\/p>\n\n\n\n<p>\u201c<em>Tratterete lo straniero, che abita fra voi, come chi \u00e8 nato fra voi; tu lo amerai come te stesso\u201d <\/em>(v.34a).<\/p>\n\n\n\n<p>Anche la motivazione che \u00e8 posta alla base di questo atteggiamento di accoglienza mi pare importante: <em>\u201cpoich\u00e9 anche voi foste stranieri nel paese d\u2019Egitto. Io sono il Signore vostro Dio\u201d<\/em> (v.34b).<\/p>\n\n\n\n<p>Se leggiamo queste parole della Bibbia come rivolte a noi italiani potremmo parafrasare il testo in questo modo:&nbsp;<\/p>\n\n\n\n<p><em>\u201cpoich\u00e9 anche voi foste stranieri in Germania, in Francia, in Svizzera e in America\u201d<\/em>.<\/p>\n\n\n\n<p>La vescova Budde, nella sua predicazione, ha provato a ricordare a Trunp che anche gli americani un tempo erano stranieri in America, la cui terra non era, infatti, la loro terra, bens\u00ec quella dei popoli indigeni, erroneamente definiti indiani (in realt\u00e0 gli unici veri americani).<\/p>\n\n\n\n<p>In ogni caso, l\u2019invito di questo brano della Bibbia \u00e8 a ricordare di essere stati tutti stranieri, in un modo o nell\u2019altro.<\/p>\n\n\n\n<p>Per quanto riguarda noi italiani, certamente l\u2019esperienza dell\u2019emigrazione non ci \u00e8 sconosciuta; un\u2019esperienza spesso amara, fatta di sacrifici e privazioni, di duro lavoro, di sfruttamento, di pregiudizi, di razzismo, di emarginazione.<\/p>\n\n\n\n<p>E, dunque, motivare l\u2019accoglienza, il rispetto e l\u2019amore per lo straniero con il richiamo all\u2019esperienza passata, nel testo biblico cos\u00ec come nella storia di ogni popolo, \u00e8 quasi come volerci dire oggi:<\/p>\n\n\n\n<p><em>Tu puoi capire come si sentano gli immigrati perch\u00e9 tu stesso in fondo sei stato immigrato, nella misura in cui lo sono stati i tuoi progenitori, parenti o antenati, se non tu stesso<\/em>.<\/p>\n\n\n\n<p>Questa consapevolezza dovrebbe generare empatia, solidariet\u00e0, compassione, misericordia, ma vediamo che purtroppo cos\u00ec non \u00e8.<\/p>\n\n\n\n<p>A diffondere le immagini delle prime deportazioni di immigrati dall\u2019America in questi giorni non sono stati i giornali dell\u2019opposizione, bens\u00ec gli organi ufficiali di informazione della presidenza degli Stati Uniti.<\/p>\n\n\n\n<p>Non si \u00e8 trattato di foto rubate, bens\u00ec di foto diffuse a bella posta dalla presidenza degli Stati Uniti a scopo dimostrativo.<\/p>\n\n\n\n<p>Quelle foto e quei filmati sono stati esibiti con orgoglio, anzich\u00e9 che con vergogna, come prova di una promessa mantenuta.<\/p>\n\n\n\n<p>E\u2019 vero, tutto questo sta succedendo in America.&nbsp;<\/p>\n\n\n\n<p>Ma \u00e8 qualcosa che dovrebbe preoccuparci, perch\u00e9 c\u2019\u00e8 un vento di xenofobia che sta soffiando in tutti i Paesi occidentali e che \u00e8 ben presente anche qui da noi, malgrado la nostra nazione abbia fatto esperienza del dramma dell\u2019emigrazione e sappia di che cosa si tratti.<\/p>\n\n\n\n<p>La questione dei migranti e dei rifugiati continuer\u00e0 ad essere molto probabilmente una delle sfide pi\u00f9 importanti dei prossimi anni ed \u00e8 un bene che le nostre chiese abbiano gi\u00e0 da anni manifestato una certa sensibilit\u00e0 rispetto a queste tematiche&nbsp; (basti pensare a <em>Mediterranean Hope<\/em>, ai <em>corridoi umanitari<\/em>, al progetto <em>essere chiesa insieme<\/em>, etc.).<\/p>\n\n\n\n<p>Se le cose non miglioreranno e se verranno emanate leggi ingiuste o provvedimenti come quelli in atto negli Stati Uniti in questi giorni, ci troveremo probabilmente di nuovo di fronte al dilemma se sia pi\u00f9 importante ubbidire alle leggi degli uomini o alle leggi di Dio (cfr. Atti degli apostoli5:29).<\/p>\n\n\n\n<p><br>Il testo biblico del Levitico scelto per oggi si conclude in maniera singolare.<\/p>\n\n\n\n<p>Dopo le raccomandazioni sul comportamento umano e fraterno da assumere nei confronti degli stranieri ci viene ricordato chi \u00e8 che ci chiede di amarli e rispettarli:&nbsp;<\/p>\n\n\n\n<p><em>Io sono il Signore vostro Dio<\/em>.<\/p>\n\n\n\n<p>Sembra quasi la firma apposta alla fine di una lettera rivolta ai membri del popolo di Dio.&nbsp;<\/p>\n\n\n\n<p>Alla luce degli eventi ai quali stiamo assistendo in questi giorni, per\u00f2, il breve testo sul quale abbiamo riflettuto stamattina pu\u00f2 anche apparire come una sorta di petizione in favore dei diritti dei rifugiati e degli immigrati; una petizione il cui primo firmatario \u00e8 Dio stesso.<\/p>\n\n\n\n<p>Ci doni il Signore il coraggio e la fedelt\u00e0 per apporre anche la nostra firma dopo la sua.<\/p>\n\n\n\n<p>AMEN<\/p>\n","protected":false},"excerpt":{"rendered":"<p>\u201cQuando qualche straniero abiter\u00e0 con voi nel vostro paese, non gli farete torto. Tratterete lo straniero, che abita fra voi, come chi \u00e8 nato fra voi; tu lo amerai come<\/p>\n","protected":false},"author":25,"featured_media":0,"comment_status":"open","ping_status":"open","sticky":false,"template":"","format":"standard","meta":{"_jetpack_memberships_contains_paid_content":false,"footnotes":""},"categories":[6],"tags":[],"class_list":["post-155","post","type-post","status-publish","format-standard","hentry","category-sermone"],"jetpack_featured_media_url":"","jetpack_sharing_enabled":true,"_links":{"self":[{"href":"https:\/\/vallivaldesi.chiesavaldese.org\/rora\/wp-json\/wp\/v2\/posts\/155","targetHints":{"allow":["GET"]}}],"collection":[{"href":"https:\/\/vallivaldesi.chiesavaldese.org\/rora\/wp-json\/wp\/v2\/posts"}],"about":[{"href":"https:\/\/vallivaldesi.chiesavaldese.org\/rora\/wp-json\/wp\/v2\/types\/post"}],"author":[{"embeddable":true,"href":"https:\/\/vallivaldesi.chiesavaldese.org\/rora\/wp-json\/wp\/v2\/users\/25"}],"replies":[{"embeddable":true,"href":"https:\/\/vallivaldesi.chiesavaldese.org\/rora\/wp-json\/wp\/v2\/comments?post=155"}],"version-history":[{"count":4,"href":"https:\/\/vallivaldesi.chiesavaldese.org\/rora\/wp-json\/wp\/v2\/posts\/155\/revisions"}],"predecessor-version":[{"id":160,"href":"https:\/\/vallivaldesi.chiesavaldese.org\/rora\/wp-json\/wp\/v2\/posts\/155\/revisions\/160"}],"wp:attachment":[{"href":"https:\/\/vallivaldesi.chiesavaldese.org\/rora\/wp-json\/wp\/v2\/media?parent=155"}],"wp:term":[{"taxonomy":"category","embeddable":true,"href":"https:\/\/vallivaldesi.chiesavaldese.org\/rora\/wp-json\/wp\/v2\/categories?post=155"},{"taxonomy":"post_tag","embeddable":true,"href":"https:\/\/vallivaldesi.chiesavaldese.org\/rora\/wp-json\/wp\/v2\/tags?post=155"}],"curies":[{"name":"wp","href":"https:\/\/api.w.org\/{rel}","templated":true}]}}