{"id":151,"date":"2024-12-10T22:07:52","date_gmt":"2024-12-10T21:07:52","guid":{"rendered":"https:\/\/vallivaldesi.chiesavaldese.org\/rora\/?p=151"},"modified":"2024-12-10T22:07:53","modified_gmt":"2024-12-10T21:07:53","slug":"notizie-e-appuntamenti-da-rora","status":"publish","type":"post","link":"https:\/\/vallivaldesi.chiesavaldese.org\/rora\/2024\/12\/10\/notizie-e-appuntamenti-da-rora\/","title":{"rendered":"Notizie e appuntamenti da Ror\u00e0"},"content":{"rendered":"\n<p>(dalla circolare di dicembre)<\/p>\n\n\n\n<p><strong>La meditazione<\/strong> (<strong>Luca 1,39-45<\/strong>)<\/p>\n\n\n\n<p><em>In quei giorni Maria si alz\u00f2 e and\u00f2 in fretta nella regione montuosa, in una citt\u00e0 di Giuda, ed entr\u00f2 in casa di Zaccaria e salut\u00f2 Elisabetta. Appena Elisabetta ud\u00ec il saluto di Maria, il bambino le balz\u00f2 nel grembo; ed Elisabetta fu piena di Spirito Santo, e ad alta voce esclam\u00f2: \u00abBenedetta sei tu fra le donne, e benedetto \u00e8 il frutto del tuo seno! Come mai mi \u00e8 dato che la madre del mio Signore venga da me? Poich\u00e9 ecco, non appena la voce del tuo saluto mi \u00e8 giunta agli orecchi, per la gioia il bambino mi \u00e8 balzato nel grembo. Beata \u00e8 colei che ha creduto che quanto le \u00e8 stato detto da parte del Signore avr\u00e0 compimento\u00bb.<\/em><\/p>\n\n\n\n<p>Maria, la giovane ragazza, praticamente un\u2019adolescente, dopo l\u2019incontro con il messaggero di Dio e l\u2019annuncio di una nascita resta sola. Un annuncio del genere deve essere digerito, capito, contemplato. Essere scelta da Dio fa paura, non \u00e8 niente di gioioso o di tranquillizzante. Come la chiamata dei profeti; anche loro reagiscono spesso con un rifiuto, con osservazioni del tipo: non so parlare. Penso che Maria sia veramente confusa e sola dopo che l\u2019angelo se ne \u00e8 andato. Ora cosa sar\u00e0? Decide di confrontarsi con chi ha pi\u00f9 esperienze e vive una situazione analoga. E lei fa ci\u00f2 che ancora oggi molte persone fanno se devono affrontare l&#8217;incognito, una circostanza nuova: vanno ad incontrare un\u2019altra donna che vive la loro stessa condizione. In fretta attraversa la provincia di Giuda per raggiungere una parente, Elisabetta che secondo l\u2019annuncio dell&#8217;angelo vive anche lei una gravidanza fuori dall&#8217;ordinario. Un&#8217;altra gravidanza potremmo dire praticamente impossibile. Elisabetta diventa madre troppo tardi &#8211; Maria madre troppo presto: due gravidanze fuori dal normale. Due gravidanze volute da Dio. Elisabetta \u00e8 sola in casa quando Maria arriva. Qui si incontrano una donna anziana e una donna giovanissima. Ognuna con la sua storia e la sua promessa per il futuro. Ma si incontrano anche due bambini \u2013 anche se ancora nel grembo delle rispettive madri &#8211; che apriranno nuove strade nel mondo di Dio: Giovanni Battista e Ges\u00f9 Cristo. Perch\u00e9 appena Elisabetta vede Maria e sente il suo saluto il bambino nella sua pancia si muove. Come ogni madre lei sente i movimenti del nascituro. Ed Elisabetta riconosce che \u00e8 un movimento particolare; lo Spirito di Dio le fa capire che ha davanti a s\u00e9 un&#8217;altra donna incinta che porter\u00e0 a compimento un\u2019altra nascita molto particolare. Allora dice: \u00abBeata \u00e8 colei che ha avuto fede, che quanto le era stato detto dal Signore avrebbe trovato compimento\u00bb. Attraverso le parole di Elisabetta a Maria viene confermato ci\u00f2 che le era gi\u00e0 stato annunciato dal messaggero di Dio. In questo incontro sembra che a Maria si schiariscano le idee.<br>Forse finalmente supera la paura e l\u2019incertezza e riesce ad accettare ci\u00f2 che avverr\u00e0. Solo dopo questo incontro lei \u00e8 capace di cantare e di lodare Dio. Maria crede che la Parola di Dio si compir\u00e0 e perci\u00f2 rappresenta un modello di fede per tutti e tutte noi.<br>Diacona Karola Stob\u00e4us<\/p>\n\n\n\n<p><\/p>\n\n\n\n<p><strong>CULTI E ATTIVITA\u2019<\/strong><\/p>\n\n\n\n<p>I Culti si tengono ogni domenica, alle 10.00, nel tempio.<br>La <strong>Festa dell\u2019albero<\/strong> avr\u00e0 luogo nel tempio domenica 22 dicembre (IV d\u2019Avvento), alle ore 10.00.<br>Il <strong>Culto di Natale<\/strong>, con la partecipazione della Corale valdese di Ror\u00e0, si terr\u00e0 mercoled\u00ec 25 dicembre, alle ore 10.00, nel tempio.<br>Domenica 29 dicembre il<strong> Culto di fine anno<\/strong><em>, <\/em>alle 10.00 nel tempio, sar\u00e0 presieduto dalla past. Elisabeth L\u04e7h Manna, mentre il past. Sergio Manna terr\u00e0 il culto a Luserna San Giovanni.<br><\/p>\n\n\n\n<p>La <strong>Scuola domenicale <\/strong>si \u00e8 ritrovata finora due domeniche al mese, e quest\u2019anno la monitrice Sara Tourn e il pastore sono affiancati efficacemente dai genitori che, a turno, preparano il pranzo e aiutano nello svolgimento delle attivit\u00e0. I prossimi incontri previsti sono: domenica 15 dicembre dalle 10.00 alle 15.00; domenica 22 dicembre alle 10.00 avremo la Festa dell\u2019albero nel tempio, aperta a tutti, con culto (ci saranno alcune sorprese!) seguito dal pranzo per tutti coloro che lo desiderano, segnalando la propria presenza in modo da organizzarci. Ulteriori dettagli saranno comunicati nella chat e durante i culti. Da gennaio, gli incontri diventeranno mensili; il 19 gennaio, il 9 febbraio e il 16 marzo sono le prime date previste. Quest\u2019anno il tema degli incontri \u00e8 \u201cEmozioni\u201d, che affrontiamo attraverso alcune storie dall\u2019Antico e (soprattutto) dal Nuovo Testamento, ma anche alcuni film, e non mancano i lavori pratici e il canto. Ricordiamo che chi vuole aggiungersi al gruppo, come bambino o aiuto-monitore, \u00e8 sempre il benvenuto!<\/p>\n\n\n\n<p>Il <strong>Catechismo <\/strong>continuer\u00e0 settimanalmente i propri incontri fino alle vacanze di Natale ogni gioved\u00ec dalle 17.00 alle 18.00 per il IV anno e dalle 18.00 alle 19.00 il II anno. Dopo la pausa natalizia si riprender\u00e0 da gioved\u00ec 9 gennaio 2025.<\/p>\n\n\n\n<p>Gli incontri di<strong> Studio biblico <\/strong>partiranno a gennaio e saranno insieme alla Chiesa di Luserna San Giovanni. Dopo il successo dell\u2019anno scorso verr\u00e0 proposto un secondo ciclo sul tema: <em>La Psiche e la Parola<\/em>: 4 incontrisul rapporto tra Bibbia e psicoanalisi attraverso la lettura e il commento di alcuni racconti tratti dal Nuovo Testamento. Essi saranno a cura del pastore Sergio Manna e avranno luogo il mercoled\u00ec, alle ore 17.30, presso la Sala Beckwith di Luserna San Giovanni (Via Beckwith, 50), secondo il seguente calendario: <strong>15, 22, 29 gennaio e 5 febbraio 2025<\/strong>.<\/p>\n\n\n\n<p>Il <strong>Gruppo donne<\/strong>, che si riunisce a casa di Wanda Tourn, alle 14.30, ci presenta qui il proprio calendario per l\u2019anno 2024\/25:<br>*<strong>Dicembre: gioved\u00ec 12<\/strong>, festeggeremo il Natale. Ognuna porter\u00e0 un regalino che ci scambieremo.<br>*<strong>Gennaio: gioved\u00ec 16<\/strong>, incontro con Gabriella Ballesio (archivista) che racconter\u00e0 un po\u2019 di storia su alcune famiglie evangeliche villeggianti a Ror\u00e0 (Appia, Meille).<br>*<strong>Febbraio: marted\u00ec 4<\/strong>, il pomeriggio sar\u00e0 animato da Sabrina Ricca.<br>*<strong>Marzo: marted\u00ec 11<\/strong>, torna a trovarci Gabriella Ballesio.<br>*<strong>Aprile: marted\u00ec 8<\/strong>, visita alla Gioietta di Bricherasio, ospiti di Paola Geymonat, vedremo il murales dipinto da Daniela Veronesi. Inoltre andremo a Garzigliana per vedere il luogo dove \u00e8 ambientato l\u2019ultimo libro di Paola: Vendesi. La casa degli Alberetti.<br>Per Natale organizziamo una sottoscrizione a premi. I biglietti si potranno acquistare al Bar Elda a Luserna San Giovanni dal 2 dicembre ma anche al mercatino del 7 dicembre a Ror\u00e0 che avr\u00e0 luogo nel Salone Odetto per tutto il giorno, o ancora all&#8217;uscita dei Culti. L&#8217;estrazione avverr\u00e0 il 21 dicembre sulla ruota di Torino i 3 primi numeri. Eventuali aggiornamenti saranno pubblicati sul gruppo whatsapp della chiesa.<\/p>\n\n\n\n<p>La <strong>seconda<\/strong> <strong>Riunione quartierale <\/strong>mensile avr\u00e0 luogo gioved\u00ec 19 dicembre 2024, alle ore 20.30 presso la scuoletta delle Fucine. Tema della serata sar\u00e0 Verso una nuova Carta Oecumenica. Illustrazione della prima bozza inviata dal Consiglio ecumenico delle Chiese alle comunit\u00e0 che ne fanno parte.<br>La riunione successiva si terr\u00e0, sempre alle Fucine, gioved\u00ec 23 gennaio 2025, sempre alle ore 20.30.<\/p>\n\n\n\n<p>La <strong>Corale valdese di Ror\u00e0<\/strong>, continua i suoi incontri ogni marted\u00ec sera, dalle 20.30 alle 23.00, presso la scuoletta delle Fucine. Oltre ad animare col canto il <em>Culto di Natale<\/em> nel tempio di Ror\u00e0 essa offrir\u00e0 un <em>Concerto natalizio<\/em> sabato 21 dicembre a Villar Pellice insieme alla corale valdese di Bobbio e Villar Pellice con la partecipazione dei trombettieri della val Pellice. Alle ore 21 nel tempio valdese, con raccolta fondi per sostenere la manutenzione dell\u2019organo del tempio valdese di Villar Pellice.<\/p>\n\n\n\n<p><\/p>\n\n\n\n<p><strong>DAL CONCISTORO<\/strong><\/p>\n\n\n\n<p><strong>Elezione e insediamento di due nuovi anziani e saluto all\u2019anziana uscente<\/strong><br>Mentre salutiamo con affetto e riconoscenza la nostra cara sorella <strong>Elsa Tourn<\/strong> che ha lasciato il concistoro dopo tanti anni di servizio alla chiesa quale suo membro, diamo il benvenuto ai due nuovi anziani che (dopo l\u2019elezione avvenuta nell\u2019assemblea di chiesa dello scorso 27 ottobre) sono stati insediati nel culto di domenica 17 novembre. Si tratta di <strong>Luca Girardon<\/strong> e <strong>Enrico Grosso<\/strong> che hanno prontamente accolto la chiamata a mettersi al servizio del Signore e della comunit\u00e0. Su tutti e tre invochiamo la benedizione del Signore, grati a lui perch\u00e9 continua a suscitare vocazioni che infondono speranza per il presente e il futuro della Chiesa.<\/p>\n\n\n\n<p><\/p>\n\n\n\n<p><strong>NOTIZIE SPECIALI<\/strong><br><strong>Sabato 23 novembre, un pomeriggio di presentazione del programma video del Sistema museale eco-storico delle Valli valdesi con la partecipazione di RBE<\/strong><\/p>\n\n\n\n<p>Sabato 23 novembre presso la sala delle attivit\u00e0 \u00e8 stato presentato il nuovo supporto multimediale in dotazione ai musei del Sistema museale valdese. L\u2019incontro \u00e8 stato anche occasione per festeggiare i 40 anni di RBE; organizzato dalla Societ\u00e0 di Studi rorenghi, \u00e8 stato realizzato grazie alla collaborazione con Nicoletta Favout dell\u2019<em>Ufficio il barba<\/em> &#8211; Centro culturale valdese di Torre Pellice e Davide Caffarel, Lucia Canale, Raffaele Gonnet e Amedeo, dell\u2019associazione culturale Francesco Lo Bue ETS (Radio Beckwith Evangelica RBE).<br>L\u2019incontro \u00e8 iniziato con un\u2019interessante racconto di Raffaele e Davide sui 40 anni di RBE. RBE \u00e8 un\u2019emittente radio locale, nata nel 1984 da un gruppo di giovani di Torre Pellice con l\u2019intento di diffondere l\u2019annuncio evangelico. \u00c8 possibile ascoltarla in Piemonte e Liguria via FM (87.80 provincia di Torino, 87.60 val Germanasca, 88.00 val Chisone, 96.60 provincia di Cuneo, 91.50 provincia di Imperia e 101.10 val Bormida-SV), DAB+ o sul digitale terrestre (canale 87), via streaming e Internet. L\u2019associazione Lo Bue \u00e8 costituita da un gruppo di lavoro giovane e determinato che ha ideato anche una serie di gadget per contribuire a sostenere RBE tra cui \u201cValbum\u201d, il primo album di figurine sulla storia valdese. Palinsesto e altre interessanti notizie si possono trovare su www.rbe.it.<br>Nella seconda parte del pomeriggio Nicoletta Favout ci ha accompagnati alla scoperta dei numerosi brevi video, realizzati grazie a un contributo dell\u2019Otto per mille per un progetto del Sistema museale, integrando la visione con curiosit\u00e0 e informazioni. Il programma dei video \u00e8 stato installato quest\u2019estate, grazie a Matteo Ficara, anche al museo di Ror\u00e0 nella saletta al primo piano; si tratta di un insieme di brevi video della durata di uno o due minuti, \u201cpillole\u201d divise in tre sezioni: \u201cMusei\u201d, \u201cStoria valdese\u201d e \u201cChiesa e attualit\u00e0\u201d che si possono scegliere da un menu. \u00c8 stato pensato per i\/le visitatori\/trici che desiderino approfondire la visita, ma pu\u00f2 essere un utile strumento per le scuole o anche solo per una ricerca da effettuare a casa. I video storici possono essere guardati anche sul sito del Sistema museale (https:\/\/museovaldese.org\/video-storia-attualita\/), mentre quelli di attualit\u00e0, per adesso, sono visibili solamente nei musei del Sistema.<br>Il pomeriggio ha visto una buona partecipazione e si \u00e8 concluso con la possibilit\u00e0 di una visita al museo, acquisti dei gadget di RBE, osservazione al microscopio di alcuni microminerali della Pietra di Luserna e merenda condivisa.<br>Un grazie a tutti\/e coloro che hanno reso possibile la buona riuscita dell\u2019evento, in particolare a Enrico che con il suo pronto intervento ha risolto un importante inconveniente tecnico al pc permettendo la visione e l\u2019ascolto dei video.<em> (Anna Pecoraro)<\/em><\/p>\n","protected":false},"excerpt":{"rendered":"<p>(dalla circolare di dicembre) La meditazione (Luca 1,39-45) In quei giorni Maria si alz\u00f2 e and\u00f2 in fretta nella regione montuosa, in una citt\u00e0 di Giuda, ed entr\u00f2 in casa<\/p>\n","protected":false},"author":7,"featured_media":152,"comment_status":"open","ping_status":"open","sticky":false,"template":"","format":"standard","meta":{"_jetpack_memberships_contains_paid_content":false,"footnotes":""},"categories":[5],"tags":[18],"class_list":["post-151","post","type-post","status-publish","format-standard","has-post-thumbnail","hentry","category-appuntamenti","tag-avvento-e-natale"],"jetpack_featured_media_url":"https:\/\/vallivaldesi.chiesavaldese.org\/rora\/wp-content\/uploads\/sites\/12\/2024\/12\/Rora-dicembre.jpg","jetpack_sharing_enabled":true,"_links":{"self":[{"href":"https:\/\/vallivaldesi.chiesavaldese.org\/rora\/wp-json\/wp\/v2\/posts\/151","targetHints":{"allow":["GET"]}}],"collection":[{"href":"https:\/\/vallivaldesi.chiesavaldese.org\/rora\/wp-json\/wp\/v2\/posts"}],"about":[{"href":"https:\/\/vallivaldesi.chiesavaldese.org\/rora\/wp-json\/wp\/v2\/types\/post"}],"author":[{"embeddable":true,"href":"https:\/\/vallivaldesi.chiesavaldese.org\/rora\/wp-json\/wp\/v2\/users\/7"}],"replies":[{"embeddable":true,"href":"https:\/\/vallivaldesi.chiesavaldese.org\/rora\/wp-json\/wp\/v2\/comments?post=151"}],"version-history":[{"count":1,"href":"https:\/\/vallivaldesi.chiesavaldese.org\/rora\/wp-json\/wp\/v2\/posts\/151\/revisions"}],"predecessor-version":[{"id":153,"href":"https:\/\/vallivaldesi.chiesavaldese.org\/rora\/wp-json\/wp\/v2\/posts\/151\/revisions\/153"}],"wp:featuredmedia":[{"embeddable":true,"href":"https:\/\/vallivaldesi.chiesavaldese.org\/rora\/wp-json\/wp\/v2\/media\/152"}],"wp:attachment":[{"href":"https:\/\/vallivaldesi.chiesavaldese.org\/rora\/wp-json\/wp\/v2\/media?parent=151"}],"wp:term":[{"taxonomy":"category","embeddable":true,"href":"https:\/\/vallivaldesi.chiesavaldese.org\/rora\/wp-json\/wp\/v2\/categories?post=151"},{"taxonomy":"post_tag","embeddable":true,"href":"https:\/\/vallivaldesi.chiesavaldese.org\/rora\/wp-json\/wp\/v2\/tags?post=151"}],"curies":[{"name":"wp","href":"https:\/\/api.w.org\/{rel}","templated":true}]}}