{"id":144,"date":"2024-11-28T07:00:00","date_gmt":"2024-11-28T06:00:00","guid":{"rendered":"https:\/\/vallivaldesi.chiesavaldese.org\/rora\/?p=144"},"modified":"2024-11-26T16:55:37","modified_gmt":"2024-11-26T15:55:37","slug":"tre-concerti-nel-weekend-dell8-dicembre","status":"publish","type":"post","link":"https:\/\/vallivaldesi.chiesavaldese.org\/rora\/2024\/11\/28\/tre-concerti-nel-weekend-dell8-dicembre\/","title":{"rendered":"Tre concerti nel weekend dell\u20198 dicembre"},"content":{"rendered":"\n<p>Sar\u00e0 un fine settimana in cui il tempio valdese di Ror\u00e0 riechegger\u00e0 di musiche, quello dell\u20198 dicembre, con tre proposte assai eterogenee che ben rappresentano il vivace panorama associazionistico del piccolo paese.<\/p>\n\n\n\n<p>Si comincia <strong>venerd\u00ec 6<\/strong> con la <strong>\u201cFesta del volontariato\u201d<\/strong>, in cui il Comune, con il gruppo alpini e la squadra Aib locali, organizza un concerto di Natale con la Banda musicale della sezione di Pinerolo. Alle 20, vin brul\u00e9 e panettone per tutti, saluti delle autorit\u00e0, consegna degli attestati ai volontari benemeriti e alle 21 l\u2019inizio del concerto. La partecipazione \u00e8 a offerta libera, il contributo raccolto sar\u00e0 devoluto a sostegno della squadra Aib e Protezione civile di Ror\u00e0 per l\u2019allestimento del nuovo mezzo in dotazione.<\/p>\n\n\n\n<p><strong>Sabato 7<\/strong> sar\u00e0 la volta delle corali: alle 21 la <strong>corale della chiesa valdese di Ror\u00e0<\/strong> invita a una serata di canti, insieme alla <strong>corale della chiesa valdese di Angrogna e il gruppo \u201cLes Choristes\u201d di Torre Pellice<\/strong>. Ingresso a offerta libera a favore della chiesa locale.<\/p>\n\n\n\n<p>Infine, <strong>domenica 8<\/strong> un evento davvero speciale, in collaborazione con l&#8217;associazione Stone Oven House (Casa col Forno): \u201dThe Power of Blues\u201d, alle 20,30, con l\u2019<strong>esibizione di Yuri Naumov<\/strong>, virtuoso della chitarra a nove corde. La chitarra \u00e8 stata realizzata su misura per Yuri da un abile maestro e gli consente di creare strutture musicali complesse. Utilizza una tecnica di esecuzione unica, conosciuta come &#8220;accordi fluidi&#8221;. La sua musica \u00e8 caratterizzata da melodie che uniscono elementi di blues, jazz e rock&#8217;n&#8217;roll. Grazie a 26 accordature personalizzate, Yuri crea composizioni stratificate che sembrano eseguite da pi\u00f9 musicisti contemporaneamente.<\/p>\n\n\n\n<p>Yuri Naumov nasce in Siberia nel 1962, e il suo percorso musicale inizia nell&#8217;Unione Sovietica, dove fin da giovane mostra un interesse per il blues e il rock. Alla fine degli anni &#8217;80 emigra negli Stati Uniti, dove vive tuttora e continua a comporre musica.<\/p>\n\n\n\n<p>Ingresso libero.<\/p>\n\n\n\n<p>Tutti sono benvenuti!<\/p>\n","protected":false},"excerpt":{"rendered":"<p>Sar\u00e0 un fine settimana in cui il tempio valdese di Ror\u00e0 riechegger\u00e0 di musiche, quello dell\u20198 dicembre, con tre proposte assai eterogenee che ben rappresentano il vivace panorama associazionistico del<\/p>\n","protected":false},"author":7,"featured_media":146,"comment_status":"open","ping_status":"open","sticky":false,"template":"","format":"standard","meta":{"_jetpack_memberships_contains_paid_content":false,"footnotes":""},"categories":[5,13],"tags":[18,17],"class_list":["post-144","post","type-post","status-publish","format-standard","has-post-thumbnail","hentry","category-appuntamenti","category-concerti","tag-avvento-e-natale","tag-corale"],"jetpack_featured_media_url":"https:\/\/vallivaldesi.chiesavaldese.org\/rora\/wp-content\/uploads\/sites\/12\/2024\/11\/tempio-rora-natale-1.jpg","jetpack_sharing_enabled":true,"_links":{"self":[{"href":"https:\/\/vallivaldesi.chiesavaldese.org\/rora\/wp-json\/wp\/v2\/posts\/144","targetHints":{"allow":["GET"]}}],"collection":[{"href":"https:\/\/vallivaldesi.chiesavaldese.org\/rora\/wp-json\/wp\/v2\/posts"}],"about":[{"href":"https:\/\/vallivaldesi.chiesavaldese.org\/rora\/wp-json\/wp\/v2\/types\/post"}],"author":[{"embeddable":true,"href":"https:\/\/vallivaldesi.chiesavaldese.org\/rora\/wp-json\/wp\/v2\/users\/7"}],"replies":[{"embeddable":true,"href":"https:\/\/vallivaldesi.chiesavaldese.org\/rora\/wp-json\/wp\/v2\/comments?post=144"}],"version-history":[{"count":3,"href":"https:\/\/vallivaldesi.chiesavaldese.org\/rora\/wp-json\/wp\/v2\/posts\/144\/revisions"}],"predecessor-version":[{"id":149,"href":"https:\/\/vallivaldesi.chiesavaldese.org\/rora\/wp-json\/wp\/v2\/posts\/144\/revisions\/149"}],"wp:featuredmedia":[{"embeddable":true,"href":"https:\/\/vallivaldesi.chiesavaldese.org\/rora\/wp-json\/wp\/v2\/media\/146"}],"wp:attachment":[{"href":"https:\/\/vallivaldesi.chiesavaldese.org\/rora\/wp-json\/wp\/v2\/media?parent=144"}],"wp:term":[{"taxonomy":"category","embeddable":true,"href":"https:\/\/vallivaldesi.chiesavaldese.org\/rora\/wp-json\/wp\/v2\/categories?post=144"},{"taxonomy":"post_tag","embeddable":true,"href":"https:\/\/vallivaldesi.chiesavaldese.org\/rora\/wp-json\/wp\/v2\/tags?post=144"}],"curies":[{"name":"wp","href":"https:\/\/api.w.org\/{rel}","templated":true}]}}