{"id":125,"date":"2023-10-06T19:03:00","date_gmt":"2023-10-06T17:03:00","guid":{"rendered":"https:\/\/vallivaldesi.chiesavaldese.org\/rora\/?p=125"},"modified":"2023-10-26T19:08:14","modified_gmt":"2023-10-26T17:08:14","slug":"da-rora-a-sciaffusa","status":"publish","type":"post","link":"https:\/\/vallivaldesi.chiesavaldese.org\/rora\/2023\/10\/06\/da-rora-a-sciaffusa\/","title":{"rendered":"Da Ror\u00e0 a Sciaffusa"},"content":{"rendered":"\n<p>La Corale in viaggio per l\u2019inaugurazione di un nuovo tratto delle strade dei valdesi e degli ugonotti<\/p>\n\n\n\n<p>Domenica 24 settembre, giornata speciale per la corale della chiesa valdese di Ror\u00e0, in trasferta in Svizzera. In particolare a Thayngen, vicino a Sciaffusa, al confine con la Germania, dove gi\u00e0 dal 1683, e per i vent\u2019anni successivi, giunsero ogni anno migliaia di profughi protestanti, ricevendo cure mediche e aiuto finanziario per proseguire il viaggio verso nord. Da qui passa oggi una tappa dell\u2019itinerario culturale europeo \u00abLe strade dei valdesi e degli ugonotti\u00bb, che attraversa quattro nazioni, partendo dalla Camargue (Aigues Mortes) e arrivando a Bad Karlshafen, a Sud di Hannover, con una \u201cdeviazione\u201d in Piemonte per gli itinerari della prigionia, dell\u2019esilio e del Rimpatrio dei valdesi (https:\/\/www.lestradedeivaldesi.com\/scopri\/).<br>Durante l\u2019estate \u00e8 stata completata la segnaletica nel cantone di Sciaffusa, Neuch\u00e2tel, Argovia e Zurigo, e Thayngen \u00e8 il punto di congiunzione con il tratto tedesco dell\u2019itinerario. In occasione della festa per l\u2019apertura ufficiale del nuovo tratto, la corale rorenga, con 17 dei suoi elementi, guidati dalla direttrice Luisita Buffa, ha rappresentato i valdesi del Piemonte con due momenti canori particolarmente apprezzati. Il primo nel \u201csalone delle feste\u201d di Thayngen, dove nel pomeriggio si \u00e8 tenuta la cerimonia, alla presenza di rappresentanti delle chiese francesi, svizzere e tedesche, con vari interventi, tra i quali quello del Prof. Emidio Campi, e la presentazione dell\u2019itinerario e della relativa guida con immagini, alternate al canto che includeva un\u2019esecuzione della famosa Complainte de la m\u00e8re de Roussel che ha toccato profondamente l\u2019uditorio. Il secondo, nella vicina chiesa riformata, \u00e8 stato un momento di preghiera e meditazione in tedesco e in francese (a cura della pastora Heidrun Werder e del pastore Bernard Croissant, coadiuvati da Marcella Bodmer-Tron. Qui, la corale ha nuovamente emozionato i presenti. Tra gli interventi, quello del pastore Wolfram K\u00f6tter, che ha predicato a partire dal motto dei valdesi Lux lucet in tenebris (Giovanni 1,5) ricordando, tra l\u2019altro, il suo periodo di lavoro tra le chiese valdesi e metodiste italiane. La testimonianza della giornalista e scrittrice Olena Pantsiuk, rifugiata ucraina, ha ricordato come l\u2019essere rifugiati in terra straniera (come i valdesi e gli ugonotti di cui si \u00e8 parlato durante la giornata) sia un tema tornato di drammatica attualit\u00e0 anche nel nostro tempo.<\/p>\n\n\n\n<p>(da <em>Riforma &#8211; L&#8217;Eco delle valli valdesi<\/em>, 6 ottobre 2023)<\/p>\n","protected":false},"excerpt":{"rendered":"<p>La Corale in viaggio per l\u2019inaugurazione di un nuovo tratto delle strade dei valdesi e degli ugonotti Domenica 24 settembre, giornata speciale per la corale della chiesa valdese di Ror\u00e0,<\/p>\n","protected":false},"author":7,"featured_media":126,"comment_status":"open","ping_status":"open","sticky":false,"template":"","format":"standard","meta":{"_jetpack_memberships_contains_paid_content":false,"footnotes":""},"categories":[4,7],"tags":[],"class_list":["post-125","post","type-post","status-publish","format-standard","has-post-thumbnail","hentry","category-notizie","category-vita-della-chiesa"],"jetpack_featured_media_url":"https:\/\/vallivaldesi.chiesavaldese.org\/rora\/wp-content\/uploads\/sites\/12\/2023\/10\/viaggio-coraleSvizzera2023.jpg","jetpack_sharing_enabled":true,"_links":{"self":[{"href":"https:\/\/vallivaldesi.chiesavaldese.org\/rora\/wp-json\/wp\/v2\/posts\/125","targetHints":{"allow":["GET"]}}],"collection":[{"href":"https:\/\/vallivaldesi.chiesavaldese.org\/rora\/wp-json\/wp\/v2\/posts"}],"about":[{"href":"https:\/\/vallivaldesi.chiesavaldese.org\/rora\/wp-json\/wp\/v2\/types\/post"}],"author":[{"embeddable":true,"href":"https:\/\/vallivaldesi.chiesavaldese.org\/rora\/wp-json\/wp\/v2\/users\/7"}],"replies":[{"embeddable":true,"href":"https:\/\/vallivaldesi.chiesavaldese.org\/rora\/wp-json\/wp\/v2\/comments?post=125"}],"version-history":[{"count":2,"href":"https:\/\/vallivaldesi.chiesavaldese.org\/rora\/wp-json\/wp\/v2\/posts\/125\/revisions"}],"predecessor-version":[{"id":128,"href":"https:\/\/vallivaldesi.chiesavaldese.org\/rora\/wp-json\/wp\/v2\/posts\/125\/revisions\/128"}],"wp:featuredmedia":[{"embeddable":true,"href":"https:\/\/vallivaldesi.chiesavaldese.org\/rora\/wp-json\/wp\/v2\/media\/126"}],"wp:attachment":[{"href":"https:\/\/vallivaldesi.chiesavaldese.org\/rora\/wp-json\/wp\/v2\/media?parent=125"}],"wp:term":[{"taxonomy":"category","embeddable":true,"href":"https:\/\/vallivaldesi.chiesavaldese.org\/rora\/wp-json\/wp\/v2\/categories?post=125"},{"taxonomy":"post_tag","embeddable":true,"href":"https:\/\/vallivaldesi.chiesavaldese.org\/rora\/wp-json\/wp\/v2\/tags?post=125"}],"curies":[{"name":"wp","href":"https:\/\/api.w.org\/{rel}","templated":true}]}}