{"id":182,"date":"2025-02-05T11:35:53","date_gmt":"2025-02-05T10:35:53","guid":{"rendered":"https:\/\/vallivaldesi.chiesavaldese.org\/prarostino\/?p=182"},"modified":"2025-02-05T11:36:45","modified_gmt":"2025-02-05T10:36:45","slug":"intorno-al-xvii-febbraio","status":"publish","type":"post","link":"https:\/\/vallivaldesi.chiesavaldese.org\/prarostino\/2025\/02\/05\/intorno-al-xvii-febbraio\/","title":{"rendered":"Intorno al XVII febbraio"},"content":{"rendered":"\n<p>Alcuni appuntamenti in vista della festa delle Libert\u00e0 del XVII febbraio: <br><br><strong>SABATO 8 FEBBRAIO<\/strong> dalle ore 13,30 preparazione del falo\u2019 in borgata Roc con la partecipazione di Scuola Domenicale, Precatechismo, AIB e tutti\/e coloro che vogliono partecipare. Segue alla Cappella del Roc una merenda sinoira con la formula \u201cporta e condividi\u201d.<\/p>\n\n\n\n<p><strong>DOMENICA 16 FEBBRAIO alle ore 19,15<\/strong> Ritrovo al Presbiterio per una breve preghiera e alle 19,30 partenza dal Tempio di San Bartolomeo per la <strong>fiaccolata<\/strong> con torce elettriche verso la borgata Roc, passando per il Collaretto.<br>Ore 20,30 accensione del fal\u00f2 al Roc a cui segue un buffet a cui tutta la comunit\u00e0 \u00e8 invitata a partecipare anche portando qualcosa da condividere.<br>Ricordiamo che vista la ricchezza delle iniziative del fine settimana, non verr\u00e0 celebrato il tradizionale culto la mattina della domenica 16 febbraio.<\/p>\n\n\n\n<p><strong>LUNEDI\u2019 17 FEBBRAIO alle ore 10.00<\/strong> <strong>Culto comunitario<\/strong> alle ore 10.00 con la celebrazione della Santa Cena e partecipazione della corale, della scuola domenicale e catechismi.<br>Il culto sar\u00e0 tenuto dal pastore Gabriele Bertin e dalla pastora della chiesa battista di Cagliari, F<strong>rancesca<br>Litigio<\/strong>.<br>Ore 12,30 pranzo comunitario presso la sala del teatro. (Menu a base di supa barbetta, bollito, pane e caff\u00e8 ad offerta minima di 10 euro)<br>Per bevande, antipasti e dolci, i\/le partecipanti sono invitati\/e a portare qualcosa da condividere.<br>Nel pomeriggio avremo ospite la pastora Litigio con alcuni membri della chiesa di Cagliari che ci<br>racconteranno pezzi di storia del Battismo in Italia e della chiesa di Cagliari in particolare.<br>Inoltre, avremo ospite una folta delegazione dalla chiesa valdese di Grottaglie che sar\u00e0 alle Valli per il week end del XVII febbraio.<\/p>\n\n\n\n<figure class=\"wp-block-image size-large\"><img loading=\"lazy\" decoding=\"async\" width=\"723\" height=\"1024\" src=\"https:\/\/vallivaldesi.chiesavaldese.org\/prarostino\/wp-content\/uploads\/sites\/10\/2025\/02\/WhatsApp-Image-2025-01-22-at-07.46.13-723x1024.jpeg\" alt=\"\" class=\"wp-image-185\" srcset=\"https:\/\/vallivaldesi.chiesavaldese.org\/prarostino\/wp-content\/uploads\/sites\/10\/2025\/02\/WhatsApp-Image-2025-01-22-at-07.46.13-723x1024.jpeg 723w, https:\/\/vallivaldesi.chiesavaldese.org\/prarostino\/wp-content\/uploads\/sites\/10\/2025\/02\/WhatsApp-Image-2025-01-22-at-07.46.13-212x300.jpeg 212w, https:\/\/vallivaldesi.chiesavaldese.org\/prarostino\/wp-content\/uploads\/sites\/10\/2025\/02\/WhatsApp-Image-2025-01-22-at-07.46.13-768x1088.jpeg 768w, https:\/\/vallivaldesi.chiesavaldese.org\/prarostino\/wp-content\/uploads\/sites\/10\/2025\/02\/WhatsApp-Image-2025-01-22-at-07.46.13.jpeg 818w\" sizes=\"auto, (max-width: 723px) 100vw, 723px\" \/><\/figure>\n","protected":false},"excerpt":{"rendered":"<p>Alcuni appuntamenti della chiesa valdese di Prarostino in vista della festa delle Libert\u00e0 del XVII febbraio<\/p>\n","protected":false},"author":4,"featured_media":183,"comment_status":"open","ping_status":"open","sticky":false,"template":"","format":"standard","meta":{"_jetpack_memberships_contains_paid_content":false,"footnotes":""},"categories":[6],"tags":[29,4,5,9,30,3,28],"class_list":["post-182","post","type-post","status-publish","format-standard","has-post-thumbnail","hentry","category-vita-della-chiesa","tag-17-febbraio","tag-chiesa-valdese","tag-culto","tag-falo","tag-fiaccolata","tag-prarostino","tag-xvii-febbraio"],"jetpack_featured_media_url":"https:\/\/vallivaldesi.chiesavaldese.org\/prarostino\/wp-content\/uploads\/sites\/10\/2025\/02\/WhatsApp-Image-2025-01-22-at-07.46.12.jpeg","jetpack_sharing_enabled":true,"_links":{"self":[{"href":"https:\/\/vallivaldesi.chiesavaldese.org\/prarostino\/wp-json\/wp\/v2\/posts\/182","targetHints":{"allow":["GET"]}}],"collection":[{"href":"https:\/\/vallivaldesi.chiesavaldese.org\/prarostino\/wp-json\/wp\/v2\/posts"}],"about":[{"href":"https:\/\/vallivaldesi.chiesavaldese.org\/prarostino\/wp-json\/wp\/v2\/types\/post"}],"author":[{"embeddable":true,"href":"https:\/\/vallivaldesi.chiesavaldese.org\/prarostino\/wp-json\/wp\/v2\/users\/4"}],"replies":[{"embeddable":true,"href":"https:\/\/vallivaldesi.chiesavaldese.org\/prarostino\/wp-json\/wp\/v2\/comments?post=182"}],"version-history":[{"count":3,"href":"https:\/\/vallivaldesi.chiesavaldese.org\/prarostino\/wp-json\/wp\/v2\/posts\/182\/revisions"}],"predecessor-version":[{"id":187,"href":"https:\/\/vallivaldesi.chiesavaldese.org\/prarostino\/wp-json\/wp\/v2\/posts\/182\/revisions\/187"}],"wp:featuredmedia":[{"embeddable":true,"href":"https:\/\/vallivaldesi.chiesavaldese.org\/prarostino\/wp-json\/wp\/v2\/media\/183"}],"wp:attachment":[{"href":"https:\/\/vallivaldesi.chiesavaldese.org\/prarostino\/wp-json\/wp\/v2\/media?parent=182"}],"wp:term":[{"taxonomy":"category","embeddable":true,"href":"https:\/\/vallivaldesi.chiesavaldese.org\/prarostino\/wp-json\/wp\/v2\/categories?post=182"},{"taxonomy":"post_tag","embeddable":true,"href":"https:\/\/vallivaldesi.chiesavaldese.org\/prarostino\/wp-json\/wp\/v2\/tags?post=182"}],"curies":[{"name":"wp","href":"https:\/\/api.w.org\/{rel}","templated":true}]}}