{"id":50,"date":"2021-12-18T11:14:04","date_gmt":"2021-12-18T10:14:04","guid":{"rendered":"https:\/\/vallivaldesi.chiesavaldese.org\/prali\/?p=50"},"modified":"2021-12-18T12:05:28","modified_gmt":"2021-12-18T11:05:28","slug":"bazar-della-lana","status":"publish","type":"post","link":"https:\/\/vallivaldesi.chiesavaldese.org\/prali\/2021\/12\/18\/bazar-della-lana\/","title":{"rendered":"Bazar della lana"},"content":{"rendered":"\n<p><strong>A Prali, sabato 18 e domenica 19 dicembre l\u2019iniziativa con la chiesa valdese di Massello<\/strong><\/p>\n\n\n\n<figure class=\"wp-block-image size-full\"><img loading=\"lazy\" decoding=\"async\" width=\"739\" height=\"591\" src=\"https:\/\/vallivaldesi.chiesavaldese.org\/prali\/wp-content\/uploads\/sites\/9\/2021\/12\/prove-maglie2.jpg\" alt=\"\" class=\"wp-image-52\" srcset=\"https:\/\/vallivaldesi.chiesavaldese.org\/prali\/wp-content\/uploads\/sites\/9\/2021\/12\/prove-maglie2.jpg 739w, https:\/\/vallivaldesi.chiesavaldese.org\/prali\/wp-content\/uploads\/sites\/9\/2021\/12\/prove-maglie2-300x240.jpg 300w\" sizes=\"auto, (max-width: 739px) 100vw, 739px\" \/><\/figure>\n\n\n\n<p>Nel salone della chiesa valdese di Prali, sabato 18 e domenica 19, a partire dalle ore 12, si tiene la terza edizione del Bazar della lana a favore dell\u2019Associazione Mosaico.<br>Fin dal primo bazar, la chiesa valdese di Massello ha deciso di destinare gli incassi ai rifugiati assistiti dall\u2019associazione Mosaico di Torino. Con il proseguimento di questa iniziativa si \u00e8 messo a fuoco un nuovo progetto di sostegno ad alcuni rifugiati artisti che desiderano ricominciare ad esercitare le loro capacit\u00e0. Negli ultimi due bazar abbiamo avuto la presenza collaborativa di una giovane rifugiata yemenita che ha potuto esporre e vendere alcune sue opere di pittura su vetro.<br>Da quando abbiamo iniziato, nell\u2019estate 2020 a Massello, abbiamo anche avuto l\u2019opportunit\u00e0 di collaborare con altre chiese delle valli. A fine agosto 2021 la chiesa di Pomaretto ci ha ospitati per la proiezione di un film che illustrava la situazione del pericoloso passaggio dei migranti alla frontiera francese di Brian\u00e7on. In Ottobre il bazar \u00e8 stato invitato dalla chiesa di Prarostino in occasione della domenica di apertura delle attivit\u00e0 .<br>Ed eccoci al terzo appuntamento, che vede coinvolte le due comunit\u00e0 di Massello e di Prali. Gi\u00e0 in precedenza alcune signore di Prali avevano manifestato interesse per l\u2019iniziativa e avevano donato lavori fatti da loro a maglia, oltre a partecipare come visitatrici al bazar di Massello. Questo interesse ha stimolato il piccolo gruppo di signore gi\u00e0 impegnate a produrre capi di lana fatti a mano, a immaginare un possibile allargamento del numero delle collaboratrici. \u00c8 dunque sembrato naturale&nbsp;incontrare l\u2019Unione Femminile di Prali per consolidare la collaborazione e approfondire la riflessione.<br>Nell\u2019incontrarci \u00e8 stato bello ed emozionante riscoprire la comune passione per un patrimonio culturale prettamente femminile, appreso fin da piccole. Familiarizzarci in giovane et\u00e0 con un buon uso delle risorse per l\u2019abbigliamento grazie al lavoro a maglia si \u00e8 rivelata, a ben vedere, una esperienza formativa che offre lezioni di estrema attualit\u00e0. Ci \u00e8 chiaro oggi che lavorare a maglia \u00e8 stata una comune esperienza di apprendimento precoce svolto in compagnia, senza vincoli costrittivi di programma, di orario, o di routine quotidiana.<br>Le tecniche per cimentarsi con capi di crescente difficolt\u00e0, dalle semplici calze (prima il gambale e il tallone, poi la suola e la caviglia, quindi la parte davanti a punta \u2026), fino ai capi e alle tecniche pi\u00f9 impegnative, s\u2019imparavano osservando i lavori delle sorelle maggiori e altri familiari vuoi in casa vuoi durante le veglie nella stalla: sforzi di emulazione senza l\u2019ansia della competizione o il timore dell\u2019insuccesso. E nella bella stagione tanto tempo per realizzare piccoli manufatti utili, mentre con le coetanee si andava al pascolo, dove si esercitava sulle grandi mucche un\u2019autorit\u00e0 indiscussa e sicura. Questo tipo di apprendimento, individuale ma non solitario, che favorisce&nbsp; calma e raccoglimento piuttosto che non velocit\u00e0 e spirito di competizione, si interiorizza e diventa fonte di soddisfazione. \u00c8 un percorso di formazione utile per istruire e conferire autonomia ai giovani e alle giovani, in ogni tempo.<br>Ci\u00f2 vale, siamo convinte, anche e per il tempo presente. Oggi nutrire la visione di un ambiente concepito su una scala gestibile e sostenibile, contrastare l\u2019inquinamento prodotto dalle microplastiche delle fibre sintetiche,&nbsp;apprezzare adeguatamente la longevit\u00e0 e la possibilit\u00e0 di riciclo delle fibre naturali, con relativa riduzione dei problemi di smaltimento di rifiuti\u2026 sono argomenti che ci riguardano pi\u00f9 che mai.<br>Se nelle nostre comunit\u00e0 organizziamo attivit\u00e0 alla nostra portata (bazar per autofinanziarsi), mettiamo a frutto delle conoscenze antiche ma tuttora esistenti per trasmettere ai pi\u00f9 giovani delle capacit\u00e0 creative e autonome (lavorare a maglia, all\u2019uncinetto, rammendo\u2026) e riflettiamo insieme in modo costruttivo per affrontare i problemi del presente; non saranno proposte nostalgiche bens\u00ec di impegno comunitario di base pienamente all\u2019altezza dei tempi.<br>Per quanto riguarda l\u2019interesse femminile all\u2019iniziativa del \u201cbazar della lana\u201d resta da aggiungere un fatto estremamente positivo, il numero delle signore che entrano in contatto con noi per donarci dei capi di lana o degli oggetti artistici sta aumentando, e sempre esprimono simpatia e solidariet\u00e0 per i rifugiati destinatari di questo piccolo impegno comunitario.<br>(Lucilla Tron e Edda Tron &#8211; testo pubblicato su <em>Riforma-L\u2019Eco delle valli valdesi<\/em>, n.48\/17 dicembre 2021)<\/p>\n\n\n\n<p><\/p>\n","protected":false},"excerpt":{"rendered":"<p>A Prali, sabato 18 e domenica 19 dicembre l\u2019iniziativa con la chiesa valdese di Massello Nel salone della chiesa valdese di Prali, sabato 18 e domenica 19, a partire dalle<\/p>\n","protected":false},"author":7,"featured_media":52,"comment_status":"open","ping_status":"open","sticky":false,"template":"","format":"standard","meta":{"_jetpack_memberships_contains_paid_content":false,"footnotes":""},"categories":[4,3],"tags":[],"class_list":["post-50","post","type-post","status-publish","format-standard","has-post-thumbnail","hentry","category-appuntamenti","category-notizie"],"jetpack_featured_media_url":"https:\/\/vallivaldesi.chiesavaldese.org\/prali\/wp-content\/uploads\/sites\/9\/2021\/12\/prove-maglie2.jpg","jetpack_sharing_enabled":true,"_links":{"self":[{"href":"https:\/\/vallivaldesi.chiesavaldese.org\/prali\/wp-json\/wp\/v2\/posts\/50","targetHints":{"allow":["GET"]}}],"collection":[{"href":"https:\/\/vallivaldesi.chiesavaldese.org\/prali\/wp-json\/wp\/v2\/posts"}],"about":[{"href":"https:\/\/vallivaldesi.chiesavaldese.org\/prali\/wp-json\/wp\/v2\/types\/post"}],"author":[{"embeddable":true,"href":"https:\/\/vallivaldesi.chiesavaldese.org\/prali\/wp-json\/wp\/v2\/users\/7"}],"replies":[{"embeddable":true,"href":"https:\/\/vallivaldesi.chiesavaldese.org\/prali\/wp-json\/wp\/v2\/comments?post=50"}],"version-history":[{"count":5,"href":"https:\/\/vallivaldesi.chiesavaldese.org\/prali\/wp-json\/wp\/v2\/posts\/50\/revisions"}],"predecessor-version":[{"id":56,"href":"https:\/\/vallivaldesi.chiesavaldese.org\/prali\/wp-json\/wp\/v2\/posts\/50\/revisions\/56"}],"wp:featuredmedia":[{"embeddable":true,"href":"https:\/\/vallivaldesi.chiesavaldese.org\/prali\/wp-json\/wp\/v2\/media\/52"}],"wp:attachment":[{"href":"https:\/\/vallivaldesi.chiesavaldese.org\/prali\/wp-json\/wp\/v2\/media?parent=50"}],"wp:term":[{"taxonomy":"category","embeddable":true,"href":"https:\/\/vallivaldesi.chiesavaldese.org\/prali\/wp-json\/wp\/v2\/categories?post=50"},{"taxonomy":"post_tag","embeddable":true,"href":"https:\/\/vallivaldesi.chiesavaldese.org\/prali\/wp-json\/wp\/v2\/tags?post=50"}],"curies":[{"name":"wp","href":"https:\/\/api.w.org\/{rel}","templated":true}]}}