{"id":202,"date":"2025-05-30T23:00:38","date_gmt":"2025-05-30T21:00:38","guid":{"rendered":"https:\/\/vallivaldesi.chiesavaldese.org\/pomaretto\/?p=202"},"modified":"2025-05-30T23:00:38","modified_gmt":"2025-05-30T21:00:38","slug":"il-tempo-e-adesso","status":"publish","type":"post","link":"https:\/\/vallivaldesi.chiesavaldese.org\/pomaretto\/2025\/05\/30\/il-tempo-e-adesso\/","title":{"rendered":"\u00abIl tempo \u00e8 adesso\u00bb"},"content":{"rendered":"\n<p><em>Il Concistoro della Chiesa Valdese di Pomaretto, riunito in data 29 maggio 2025,<\/em> <em>premessa la comunione esistente con il popolo ebraico nel totale rifiuto e condanna di ogni forma di antisemitismo, non pu\u00f2 in nessun modo accettare la politica bellica del governo israeliano, condivide e fa propria la mozione \u00abIl tempo \u00e8 adesso\u00bb del gruppo di evangelici italiani <u>Dalla Parte di Abele<\/u>, di seguito riportata.<\/em><\/p>\n\n\n\n<p><strong>Il tempo \u00e8 adesso<\/strong><\/p>\n\n\n\n<p>Non c\u2019\u00e8 pi\u00f9 tempo.<\/p>\n\n\n\n<p>Non c\u2019\u00e8 pi\u00f9 tempo per rimpiangere, per ricostruire i torti e le ragioni, per rinfacciare i ritardi, per rimpiangere i silenzi. Si far\u00e0 dopo.<\/p>\n\n\n\n<p>Non c\u2019\u00e8 pi\u00f9 tempo per discutere se \u00e8 genocidio o macello o sterminio o difesa.<\/p>\n\n\n\n<p>Non c\u2019\u00e8 pi\u00f9 tempo per spiegarsi, recriminare, trovare ragioni, giustificazioni, motivi.<\/p>\n\n\n\n<p>Non c\u2019\u00e8 pi\u00f9 tempo neppure per indignarsi.<\/p>\n\n\n\n<p>Non c\u2019\u00e8 pi\u00f9 tempo per non prendere posizione a fianco degli oppressi, delle vittime: di Abele.<\/p>\n\n\n\n<p>Malgrado la censura, la propaganda, le ritrosie, le falsit\u00e0, da 19 mesi abbiamo potuto vedere, forse non tutto, ma abbastanza per chiedere di smettere.<\/p>\n\n\n\n<p>Abbiamo visto una <em>\u201cdifesa\u201d<\/em> sproporzionata e perdurante.<\/p>\n\n\n\n<p>Abbiam visto civili, donne, bambini, malati uccisi senza piet\u00e0 e con ferocia, affamati e assetati sotto assedio.<\/p>\n\n\n\n<p>Abbiamo visto medici, infermieri, giornalisti, educatori, operatori di giustizia presi di mira e falciati via a centinaia.<\/p>\n\n\n\n<p>Abbiamo visto sganciare una quantit\u00e0 di bombe ed esplosivi spaventosa e ne abbiamo constatata la potenza distruttrice.<\/p>\n\n\n\n<p>Abbiamo ascoltato con orrore i piani di deportazione e di esproprio della terra di un intero popolo.<\/p>\n\n\n\n<p>Abbiamo visto l\u2019occupazione avanzare incessantemente e con cattiveria nei territori occupati.<\/p>\n\n\n\n<p>Ora bisogna solo fermarsi.<\/p>\n\n\n\n<p>Fermarsi e fermarli.<\/p>\n\n\n\n<p>Fermarli finch\u00e9 il diritto internazionale non venga rispettato, ripristinato, sanato, reso operante.<\/p>\n\n\n\n<p>Fermare il nostro governo dall\u2019armare Israele, dai nostri scambi commerciali, economici, militari, politici con quel paese.<\/p>\n\n\n\n<p>Richiamare gli ambasciatori. Preparare le sanzioni. Avviare i boicottaggi.<\/p>\n\n\n\n<p>Chiedere ai nostri rappresentanti in Europa di agire in tal senso.<\/p>\n\n\n\n<p>Chiedere a tutti e tutte, comprese le chiese evangeliche italiane, compresi i loro organi intermedi e di rappresentanza, comprese le loro assemblee e sinodi di agire, nell\u2019ambito dei loro poteri, chiedendo al governo italiano di assumere tutte le azioni del caso rivolte a fermare, isolare, condannare e contrastare la politica del governo israeliano nei confronti dei palestinesi e del loro diritto a vivere su quella terra.<\/p>\n\n\n\n<p>Dopo sar\u00e0 troppo tardi.<\/p>\n\n\n\n<p>Il tempo \u00e8 adesso.<\/p>\n\n\n\n<p><em>&nbsp; &nbsp; &nbsp; &nbsp; &nbsp; &nbsp; &nbsp; &nbsp; &nbsp; &nbsp; &nbsp; &nbsp; &nbsp; &nbsp; &nbsp; &nbsp; &nbsp; &nbsp; &nbsp; &nbsp; &nbsp; &nbsp; &nbsp; &nbsp; &nbsp; &nbsp; &nbsp; &nbsp;&nbsp;&nbsp;&nbsp;&nbsp;&nbsp;&nbsp;&nbsp;&nbsp;&nbsp;&nbsp;&nbsp;&nbsp;&nbsp;&nbsp;&nbsp;&nbsp;&nbsp;&nbsp;&nbsp;&nbsp;&nbsp;&nbsp;&nbsp;&nbsp;&nbsp;&nbsp;&nbsp;&nbsp;&nbsp;&nbsp;&nbsp;&nbsp; &nbsp; &nbsp; &nbsp; &nbsp; &nbsp; Dalla parte di Abele<\/em><\/p>\n","protected":false},"excerpt":{"rendered":"<p>Il Concistoro della Chiesa Valdese di Pomaretto, riunito in data 29 maggio 2025, premessa la comunione esistente con il popolo ebraico nel totale rifiuto e condanna di ogni forma di<\/p>\n","protected":false},"author":22,"featured_media":0,"comment_status":"open","ping_status":"open","sticky":false,"template":"","format":"standard","meta":{"_jetpack_memberships_contains_paid_content":false,"footnotes":""},"categories":[9],"tags":[],"class_list":["post-202","post","type-post","status-publish","format-standard","hentry","category-vita-della-chiesa"],"jetpack_featured_media_url":"","jetpack_sharing_enabled":true,"_links":{"self":[{"href":"https:\/\/vallivaldesi.chiesavaldese.org\/pomaretto\/wp-json\/wp\/v2\/posts\/202","targetHints":{"allow":["GET"]}}],"collection":[{"href":"https:\/\/vallivaldesi.chiesavaldese.org\/pomaretto\/wp-json\/wp\/v2\/posts"}],"about":[{"href":"https:\/\/vallivaldesi.chiesavaldese.org\/pomaretto\/wp-json\/wp\/v2\/types\/post"}],"author":[{"embeddable":true,"href":"https:\/\/vallivaldesi.chiesavaldese.org\/pomaretto\/wp-json\/wp\/v2\/users\/22"}],"replies":[{"embeddable":true,"href":"https:\/\/vallivaldesi.chiesavaldese.org\/pomaretto\/wp-json\/wp\/v2\/comments?post=202"}],"version-history":[{"count":1,"href":"https:\/\/vallivaldesi.chiesavaldese.org\/pomaretto\/wp-json\/wp\/v2\/posts\/202\/revisions"}],"predecessor-version":[{"id":203,"href":"https:\/\/vallivaldesi.chiesavaldese.org\/pomaretto\/wp-json\/wp\/v2\/posts\/202\/revisions\/203"}],"wp:attachment":[{"href":"https:\/\/vallivaldesi.chiesavaldese.org\/pomaretto\/wp-json\/wp\/v2\/media?parent=202"}],"wp:term":[{"taxonomy":"category","embeddable":true,"href":"https:\/\/vallivaldesi.chiesavaldese.org\/pomaretto\/wp-json\/wp\/v2\/categories?post=202"},{"taxonomy":"post_tag","embeddable":true,"href":"https:\/\/vallivaldesi.chiesavaldese.org\/pomaretto\/wp-json\/wp\/v2\/tags?post=202"}],"curies":[{"name":"wp","href":"https:\/\/api.w.org\/{rel}","templated":true}]}}