{"id":138,"date":"2022-12-01T21:19:07","date_gmt":"2022-12-01T20:19:07","guid":{"rendered":"https:\/\/vallivaldesi.chiesavaldese.org\/pomaretto\/?p=138"},"modified":"2022-12-01T21:24:07","modified_gmt":"2022-12-01T20:24:07","slug":"passeggiata-biblica-unesperienza-di-ripetere","status":"publish","type":"post","link":"https:\/\/vallivaldesi.chiesavaldese.org\/pomaretto\/2022\/12\/01\/passeggiata-biblica-unesperienza-di-ripetere\/","title":{"rendered":"Passeggiata biblica: un&#8217;esperienza da ripetere"},"content":{"rendered":"\n<p>Domenica 27 novembre, il gruppo giovani di Pomaretto, chiamato abitualmente \u00abi ricatecumeni\u00bb, si \u00e8 trovato con un piccolo gruppo di adulti per una <em>passeggiata biblica<\/em> da Pracatinat al Rifugio Selleries. Si \u00e8 trattato di un gruppo di varia provenienza, ma con uno stesso obiettivo: trascorrere una giornata immersi nella natura discutendo di Bibbia. L&#8217;idea metteva insieme due interessi del gruppo giovani gi\u00e0 vissuti durante gli anni di catechismo: discutere a partire dai testi della Bibbia e organizzare gite in montagna.<\/p>\n\n\n\n<p>Cos\u00ec l&#8217;idea \u00e8 stata proposta alla comunit\u00e0 e messa in atto in una bella domenica soleggiata, anche se freddina, di novembre. Durante il percorso si sono fatte delle letture bibliche e delle preghiere, accompagnate da alcuni canti con la chitarra.<\/p>\n\n\n\n<p>Una volta giunti al Rifugio e dopo aver consumato un ottimo pranzo a base di polenta concia e al sugo e salsiccia, il gruppo dei passeggianti si \u00e8 ritrovato in cerchio sul prato per riflettere sul testo di Luca 24,13-35 che racconta dell&#8217;incontro dei discepoli con il risorto sulla strada per Emmaus. A partire da alcune parole chiave, si \u00e8 discusso sulla dimensione dell&#8217;incredulit\u00e0 e della sorpresa dei discepoli, cos\u00ec come del cammino come metafora del percorso di fede e dell&#8217;ardore del cuore come dimensione sempre da sperimentare.<\/p>\n\n\n\n<p>La camminata di ritorno alle automobili \u00e8 stata un tempo di chiacchierate a gruppetti, in cui alla fatica accumulata nel corso della giornata si aggiungeva per contro una sensazione di benedizione per aver sperimentato una bella comuniione tra i partecipanti e le partecipanti.<\/p>\n\n\n\n<figure class=\"wp-block-gallery columns-3 is-cropped wp-block-gallery-1 is-layout-flex wp-block-gallery-is-layout-flex\"><ul class=\"blocks-gallery-grid\"><li class=\"blocks-gallery-item\"><figure><img loading=\"lazy\" decoding=\"async\" width=\"1024\" height=\"768\" src=\"https:\/\/vallivaldesi.chiesavaldese.org\/pomaretto\/wp-content\/uploads\/sites\/8\/2022\/12\/00.jpg\" alt=\"\" data-id=\"139\" data-full-url=\"https:\/\/vallivaldesi.chiesavaldese.org\/pomaretto\/wp-content\/uploads\/sites\/8\/2022\/12\/00.jpg\" data-link=\"https:\/\/vallivaldesi.chiesavaldese.org\/pomaretto\/?attachment_id=139\" class=\"wp-image-139\" srcset=\"https:\/\/vallivaldesi.chiesavaldese.org\/pomaretto\/wp-content\/uploads\/sites\/8\/2022\/12\/00.jpg 1024w, https:\/\/vallivaldesi.chiesavaldese.org\/pomaretto\/wp-content\/uploads\/sites\/8\/2022\/12\/00-300x225.jpg 300w, https:\/\/vallivaldesi.chiesavaldese.org\/pomaretto\/wp-content\/uploads\/sites\/8\/2022\/12\/00-768x576.jpg 768w\" sizes=\"auto, (max-width: 1024px) 100vw, 1024px\" \/><figcaption class=\"blocks-gallery-item__caption\">il gruppo della passeggiata biblica<\/figcaption><\/figure><\/li><li class=\"blocks-gallery-item\"><figure><img loading=\"lazy\" decoding=\"async\" width=\"768\" height=\"1024\" src=\"https:\/\/vallivaldesi.chiesavaldese.org\/pomaretto\/wp-content\/uploads\/sites\/8\/2022\/12\/01-1-768x1024.jpg\" alt=\"\" data-id=\"146\" data-full-url=\"https:\/\/vallivaldesi.chiesavaldese.org\/pomaretto\/wp-content\/uploads\/sites\/8\/2022\/12\/01-1.jpg\" data-link=\"https:\/\/vallivaldesi.chiesavaldese.org\/pomaretto\/?attachment_id=146\" class=\"wp-image-146\" srcset=\"https:\/\/vallivaldesi.chiesavaldese.org\/pomaretto\/wp-content\/uploads\/sites\/8\/2022\/12\/01-1-768x1024.jpg 768w, https:\/\/vallivaldesi.chiesavaldese.org\/pomaretto\/wp-content\/uploads\/sites\/8\/2022\/12\/01-1-225x300.jpg 225w, https:\/\/vallivaldesi.chiesavaldese.org\/pomaretto\/wp-content\/uploads\/sites\/8\/2022\/12\/01-1-1152x1536.jpg 1152w, https:\/\/vallivaldesi.chiesavaldese.org\/pomaretto\/wp-content\/uploads\/sites\/8\/2022\/12\/01-1.jpg 1450w\" sizes=\"auto, (max-width: 768px) 100vw, 768px\" \/><figcaption class=\"blocks-gallery-item__caption\">si sale su una moquette di aghi di larice<\/figcaption><\/figure><\/li><li class=\"blocks-gallery-item\"><figure><img loading=\"lazy\" decoding=\"async\" width=\"1000\" height=\"750\" src=\"https:\/\/vallivaldesi.chiesavaldese.org\/pomaretto\/wp-content\/uploads\/sites\/8\/2022\/12\/02.jpg\" alt=\"\" data-id=\"147\" data-full-url=\"https:\/\/vallivaldesi.chiesavaldese.org\/pomaretto\/wp-content\/uploads\/sites\/8\/2022\/12\/02.jpg\" data-link=\"https:\/\/vallivaldesi.chiesavaldese.org\/pomaretto\/?attachment_id=147\" class=\"wp-image-147\" srcset=\"https:\/\/vallivaldesi.chiesavaldese.org\/pomaretto\/wp-content\/uploads\/sites\/8\/2022\/12\/02.jpg 1000w, https:\/\/vallivaldesi.chiesavaldese.org\/pomaretto\/wp-content\/uploads\/sites\/8\/2022\/12\/02-300x225.jpg 300w, https:\/\/vallivaldesi.chiesavaldese.org\/pomaretto\/wp-content\/uploads\/sites\/8\/2022\/12\/02-768x576.jpg 768w\" sizes=\"auto, (max-width: 1000px) 100vw, 1000px\" \/><figcaption class=\"blocks-gallery-item__caption\">canti, letture e preghiere<\/figcaption><\/figure><\/li><li class=\"blocks-gallery-item\"><figure><img loading=\"lazy\" decoding=\"async\" width=\"1024\" height=\"768\" src=\"https:\/\/vallivaldesi.chiesavaldese.org\/pomaretto\/wp-content\/uploads\/sites\/8\/2022\/12\/03-1024x768.jpg\" alt=\"\" data-id=\"148\" data-full-url=\"https:\/\/vallivaldesi.chiesavaldese.org\/pomaretto\/wp-content\/uploads\/sites\/8\/2022\/12\/03.jpg\" data-link=\"https:\/\/vallivaldesi.chiesavaldese.org\/pomaretto\/?attachment_id=148\" class=\"wp-image-148\" srcset=\"https:\/\/vallivaldesi.chiesavaldese.org\/pomaretto\/wp-content\/uploads\/sites\/8\/2022\/12\/03-1024x768.jpg 1024w, https:\/\/vallivaldesi.chiesavaldese.org\/pomaretto\/wp-content\/uploads\/sites\/8\/2022\/12\/03-300x225.jpg 300w, https:\/\/vallivaldesi.chiesavaldese.org\/pomaretto\/wp-content\/uploads\/sites\/8\/2022\/12\/03-768x576.jpg 768w, https:\/\/vallivaldesi.chiesavaldese.org\/pomaretto\/wp-content\/uploads\/sites\/8\/2022\/12\/03-1536x1152.jpg 1536w, https:\/\/vallivaldesi.chiesavaldese.org\/pomaretto\/wp-content\/uploads\/sites\/8\/2022\/12\/03-2048x1536.jpg 2048w\" sizes=\"auto, (max-width: 1024px) 100vw, 1024px\" \/><figcaption class=\"blocks-gallery-item__caption\">\u00abGuardate l\u00e0 quanti cervi!\u00bb<\/figcaption><\/figure><\/li><li class=\"blocks-gallery-item\"><figure><img loading=\"lazy\" decoding=\"async\" width=\"1024\" height=\"768\" src=\"https:\/\/vallivaldesi.chiesavaldese.org\/pomaretto\/wp-content\/uploads\/sites\/8\/2022\/12\/04-1024x768.jpg\" alt=\"\" data-id=\"141\" data-full-url=\"https:\/\/vallivaldesi.chiesavaldese.org\/pomaretto\/wp-content\/uploads\/sites\/8\/2022\/12\/04-scaled.jpg\" data-link=\"https:\/\/vallivaldesi.chiesavaldese.org\/pomaretto\/?attachment_id=141\" class=\"wp-image-141\" srcset=\"https:\/\/vallivaldesi.chiesavaldese.org\/pomaretto\/wp-content\/uploads\/sites\/8\/2022\/12\/04-1024x768.jpg 1024w, https:\/\/vallivaldesi.chiesavaldese.org\/pomaretto\/wp-content\/uploads\/sites\/8\/2022\/12\/04-300x225.jpg 300w, https:\/\/vallivaldesi.chiesavaldese.org\/pomaretto\/wp-content\/uploads\/sites\/8\/2022\/12\/04-768x576.jpg 768w, https:\/\/vallivaldesi.chiesavaldese.org\/pomaretto\/wp-content\/uploads\/sites\/8\/2022\/12\/04-1536x1152.jpg 1536w, https:\/\/vallivaldesi.chiesavaldese.org\/pomaretto\/wp-content\/uploads\/sites\/8\/2022\/12\/04-2048x1536.jpg 2048w\" sizes=\"auto, (max-width: 1024px) 100vw, 1024px\" \/><figcaption class=\"blocks-gallery-item__caption\">osservazione della natura<\/figcaption><\/figure><\/li><li class=\"blocks-gallery-item\"><figure><img loading=\"lazy\" decoding=\"async\" width=\"768\" height=\"1024\" src=\"https:\/\/vallivaldesi.chiesavaldese.org\/pomaretto\/wp-content\/uploads\/sites\/8\/2022\/12\/06-768x1024.jpg\" alt=\"\" data-id=\"151\" data-full-url=\"https:\/\/vallivaldesi.chiesavaldese.org\/pomaretto\/wp-content\/uploads\/sites\/8\/2022\/12\/06.jpg\" data-link=\"https:\/\/vallivaldesi.chiesavaldese.org\/pomaretto\/?attachment_id=151\" class=\"wp-image-151\" srcset=\"https:\/\/vallivaldesi.chiesavaldese.org\/pomaretto\/wp-content\/uploads\/sites\/8\/2022\/12\/06-768x1024.jpg 768w, https:\/\/vallivaldesi.chiesavaldese.org\/pomaretto\/wp-content\/uploads\/sites\/8\/2022\/12\/06-225x300.jpg 225w, https:\/\/vallivaldesi.chiesavaldese.org\/pomaretto\/wp-content\/uploads\/sites\/8\/2022\/12\/06-1152x1536.jpg 1152w, https:\/\/vallivaldesi.chiesavaldese.org\/pomaretto\/wp-content\/uploads\/sites\/8\/2022\/12\/06-1536x2048.jpg 1536w, https:\/\/vallivaldesi.chiesavaldese.org\/pomaretto\/wp-content\/uploads\/sites\/8\/2022\/12\/06.jpg 1700w\" sizes=\"auto, (max-width: 768px) 100vw, 768px\" \/><figcaption class=\"blocks-gallery-item__caption\">arrivo al Rifugio<\/figcaption><\/figure><\/li><li class=\"blocks-gallery-item\"><figure><img loading=\"lazy\" decoding=\"async\" width=\"1024\" height=\"576\" src=\"https:\/\/vallivaldesi.chiesavaldese.org\/pomaretto\/wp-content\/uploads\/sites\/8\/2022\/12\/07-1024x576.jpg\" alt=\"\" data-id=\"142\" data-full-url=\"https:\/\/vallivaldesi.chiesavaldese.org\/pomaretto\/wp-content\/uploads\/sites\/8\/2022\/12\/07.jpg\" data-link=\"https:\/\/vallivaldesi.chiesavaldese.org\/pomaretto\/?attachment_id=142\" class=\"wp-image-142\" srcset=\"https:\/\/vallivaldesi.chiesavaldese.org\/pomaretto\/wp-content\/uploads\/sites\/8\/2022\/12\/07-1024x576.jpg 1024w, https:\/\/vallivaldesi.chiesavaldese.org\/pomaretto\/wp-content\/uploads\/sites\/8\/2022\/12\/07-300x169.jpg 300w, https:\/\/vallivaldesi.chiesavaldese.org\/pomaretto\/wp-content\/uploads\/sites\/8\/2022\/12\/07-768x432.jpg 768w, https:\/\/vallivaldesi.chiesavaldese.org\/pomaretto\/wp-content\/uploads\/sites\/8\/2022\/12\/07-1536x864.jpg 1536w, https:\/\/vallivaldesi.chiesavaldese.org\/pomaretto\/wp-content\/uploads\/sites\/8\/2022\/12\/07.jpg 1600w\" sizes=\"auto, (max-width: 1024px) 100vw, 1024px\" \/><figcaption class=\"blocks-gallery-item__caption\">si recuperano le forze<\/figcaption><\/figure><\/li><li class=\"blocks-gallery-item\"><figure><img loading=\"lazy\" decoding=\"async\" width=\"1024\" height=\"768\" src=\"https:\/\/vallivaldesi.chiesavaldese.org\/pomaretto\/wp-content\/uploads\/sites\/8\/2022\/12\/10-1024x768.jpg\" alt=\"\" data-id=\"155\" data-full-url=\"https:\/\/vallivaldesi.chiesavaldese.org\/pomaretto\/wp-content\/uploads\/sites\/8\/2022\/12\/10.jpg\" data-link=\"https:\/\/vallivaldesi.chiesavaldese.org\/pomaretto\/?attachment_id=155\" class=\"wp-image-155\" srcset=\"https:\/\/vallivaldesi.chiesavaldese.org\/pomaretto\/wp-content\/uploads\/sites\/8\/2022\/12\/10-1024x768.jpg 1024w, https:\/\/vallivaldesi.chiesavaldese.org\/pomaretto\/wp-content\/uploads\/sites\/8\/2022\/12\/10-300x225.jpg 300w, https:\/\/vallivaldesi.chiesavaldese.org\/pomaretto\/wp-content\/uploads\/sites\/8\/2022\/12\/10-768x576.jpg 768w, https:\/\/vallivaldesi.chiesavaldese.org\/pomaretto\/wp-content\/uploads\/sites\/8\/2022\/12\/10-1536x1152.jpg 1536w, https:\/\/vallivaldesi.chiesavaldese.org\/pomaretto\/wp-content\/uploads\/sites\/8\/2022\/12\/10.jpg 2000w\" sizes=\"auto, (max-width: 1024px) 100vw, 1024px\" \/><figcaption class=\"blocks-gallery-item__caption\">riflessione partecipata<\/figcaption><\/figure><\/li><li class=\"blocks-gallery-item\"><figure><img loading=\"lazy\" decoding=\"async\" width=\"1024\" height=\"768\" src=\"https:\/\/vallivaldesi.chiesavaldese.org\/pomaretto\/wp-content\/uploads\/sites\/8\/2022\/12\/09-1024x768.jpg\" alt=\"\" data-id=\"144\" data-full-url=\"https:\/\/vallivaldesi.chiesavaldese.org\/pomaretto\/wp-content\/uploads\/sites\/8\/2022\/12\/09.jpg\" data-link=\"https:\/\/vallivaldesi.chiesavaldese.org\/pomaretto\/?attachment_id=144\" class=\"wp-image-144\" srcset=\"https:\/\/vallivaldesi.chiesavaldese.org\/pomaretto\/wp-content\/uploads\/sites\/8\/2022\/12\/09-1024x768.jpg 1024w, https:\/\/vallivaldesi.chiesavaldese.org\/pomaretto\/wp-content\/uploads\/sites\/8\/2022\/12\/09-300x225.jpg 300w, https:\/\/vallivaldesi.chiesavaldese.org\/pomaretto\/wp-content\/uploads\/sites\/8\/2022\/12\/09-768x576.jpg 768w, https:\/\/vallivaldesi.chiesavaldese.org\/pomaretto\/wp-content\/uploads\/sites\/8\/2022\/12\/09-1536x1152.jpg 1536w, https:\/\/vallivaldesi.chiesavaldese.org\/pomaretto\/wp-content\/uploads\/sites\/8\/2022\/12\/09.jpg 2048w\" sizes=\"auto, (max-width: 1024px) 100vw, 1024px\" \/><figcaption class=\"blocks-gallery-item__caption\">la scelta delle parole chiave<\/figcaption><\/figure><\/li><li class=\"blocks-gallery-item\"><figure><img loading=\"lazy\" decoding=\"async\" width=\"1024\" height=\"429\" src=\"https:\/\/vallivaldesi.chiesavaldese.org\/pomaretto\/wp-content\/uploads\/sites\/8\/2022\/12\/08-1024x429.jpg\" alt=\"\" data-id=\"143\" data-full-url=\"https:\/\/vallivaldesi.chiesavaldese.org\/pomaretto\/wp-content\/uploads\/sites\/8\/2022\/12\/08.jpg\" data-link=\"https:\/\/vallivaldesi.chiesavaldese.org\/pomaretto\/?attachment_id=143\" class=\"wp-image-143\" srcset=\"https:\/\/vallivaldesi.chiesavaldese.org\/pomaretto\/wp-content\/uploads\/sites\/8\/2022\/12\/08-1024x429.jpg 1024w, https:\/\/vallivaldesi.chiesavaldese.org\/pomaretto\/wp-content\/uploads\/sites\/8\/2022\/12\/08-300x126.jpg 300w, https:\/\/vallivaldesi.chiesavaldese.org\/pomaretto\/wp-content\/uploads\/sites\/8\/2022\/12\/08-768x322.jpg 768w, https:\/\/vallivaldesi.chiesavaldese.org\/pomaretto\/wp-content\/uploads\/sites\/8\/2022\/12\/08-1536x644.jpg 1536w, https:\/\/vallivaldesi.chiesavaldese.org\/pomaretto\/wp-content\/uploads\/sites\/8\/2022\/12\/08.jpg 2048w\" sizes=\"auto, (max-width: 1024px) 100vw, 1024px\" \/><figcaption class=\"blocks-gallery-item__caption\">ci si confronta sul testo biblico e sul suo significato per noi<\/figcaption><\/figure><\/li><li class=\"blocks-gallery-item\"><figure><img loading=\"lazy\" decoding=\"async\" width=\"1024\" height=\"768\" src=\"https:\/\/vallivaldesi.chiesavaldese.org\/pomaretto\/wp-content\/uploads\/sites\/8\/2022\/12\/05-1024x768.jpg\" alt=\"\" data-id=\"150\" data-full-url=\"https:\/\/vallivaldesi.chiesavaldese.org\/pomaretto\/wp-content\/uploads\/sites\/8\/2022\/12\/05-scaled.jpg\" data-link=\"https:\/\/vallivaldesi.chiesavaldese.org\/pomaretto\/?attachment_id=150\" class=\"wp-image-150\" srcset=\"https:\/\/vallivaldesi.chiesavaldese.org\/pomaretto\/wp-content\/uploads\/sites\/8\/2022\/12\/05-1024x768.jpg 1024w, https:\/\/vallivaldesi.chiesavaldese.org\/pomaretto\/wp-content\/uploads\/sites\/8\/2022\/12\/05-300x225.jpg 300w, https:\/\/vallivaldesi.chiesavaldese.org\/pomaretto\/wp-content\/uploads\/sites\/8\/2022\/12\/05-768x576.jpg 768w, https:\/\/vallivaldesi.chiesavaldese.org\/pomaretto\/wp-content\/uploads\/sites\/8\/2022\/12\/05-1536x1152.jpg 1536w, https:\/\/vallivaldesi.chiesavaldese.org\/pomaretto\/wp-content\/uploads\/sites\/8\/2022\/12\/05-2048x1536.jpg 2048w\" sizes=\"auto, (max-width: 1024px) 100vw, 1024px\" \/><figcaption class=\"blocks-gallery-item__caption\">sulla strada del ritorno<\/figcaption><\/figure><\/li><\/ul><\/figure>\n\n\n","protected":false},"excerpt":{"rendered":"<p>Domenica 27 novembre, il gruppo giovani di Pomaretto, chiamato abitualmente \u00abi ricatecumeni\u00bb, si \u00e8 trovato con un piccolo gruppo di adulti per una passeggiata biblica da Pracatinat al Rifugio Selleries.<\/p>\n","protected":false},"author":22,"featured_media":139,"comment_status":"open","ping_status":"open","sticky":false,"template":"","format":"standard","meta":{"_jetpack_memberships_contains_paid_content":false,"footnotes":""},"categories":[9],"tags":[],"class_list":["post-138","post","type-post","status-publish","format-standard","has-post-thumbnail","hentry","category-vita-della-chiesa"],"jetpack_featured_media_url":"https:\/\/vallivaldesi.chiesavaldese.org\/pomaretto\/wp-content\/uploads\/sites\/8\/2022\/12\/00.jpg","jetpack_sharing_enabled":true,"_links":{"self":[{"href":"https:\/\/vallivaldesi.chiesavaldese.org\/pomaretto\/wp-json\/wp\/v2\/posts\/138","targetHints":{"allow":["GET"]}}],"collection":[{"href":"https:\/\/vallivaldesi.chiesavaldese.org\/pomaretto\/wp-json\/wp\/v2\/posts"}],"about":[{"href":"https:\/\/vallivaldesi.chiesavaldese.org\/pomaretto\/wp-json\/wp\/v2\/types\/post"}],"author":[{"embeddable":true,"href":"https:\/\/vallivaldesi.chiesavaldese.org\/pomaretto\/wp-json\/wp\/v2\/users\/22"}],"replies":[{"embeddable":true,"href":"https:\/\/vallivaldesi.chiesavaldese.org\/pomaretto\/wp-json\/wp\/v2\/comments?post=138"}],"version-history":[{"count":2,"href":"https:\/\/vallivaldesi.chiesavaldese.org\/pomaretto\/wp-json\/wp\/v2\/posts\/138\/revisions"}],"predecessor-version":[{"id":157,"href":"https:\/\/vallivaldesi.chiesavaldese.org\/pomaretto\/wp-json\/wp\/v2\/posts\/138\/revisions\/157"}],"wp:featuredmedia":[{"embeddable":true,"href":"https:\/\/vallivaldesi.chiesavaldese.org\/pomaretto\/wp-json\/wp\/v2\/media\/139"}],"wp:attachment":[{"href":"https:\/\/vallivaldesi.chiesavaldese.org\/pomaretto\/wp-json\/wp\/v2\/media?parent=138"}],"wp:term":[{"taxonomy":"category","embeddable":true,"href":"https:\/\/vallivaldesi.chiesavaldese.org\/pomaretto\/wp-json\/wp\/v2\/categories?post=138"},{"taxonomy":"post_tag","embeddable":true,"href":"https:\/\/vallivaldesi.chiesavaldese.org\/pomaretto\/wp-json\/wp\/v2\/tags?post=138"}],"curies":[{"name":"wp","href":"https:\/\/api.w.org\/{rel}","templated":true}]}}