{"id":858,"date":"2025-04-17T13:30:01","date_gmt":"2025-04-17T11:30:01","guid":{"rendered":"https:\/\/vallivaldesi.chiesavaldese.org\/pinerolo\/?p=858"},"modified":"2025-05-01T10:40:38","modified_gmt":"2025-05-01T08:40:38","slug":"incontro-con-bruna-laudi-riprogrammato-unione-femminile-tempio-di-pinerolo","status":"publish","type":"post","link":"https:\/\/vallivaldesi.chiesavaldese.org\/pinerolo\/2025\/04\/17\/incontro-con-bruna-laudi-riprogrammato-unione-femminile-tempio-di-pinerolo\/","title":{"rendered":"Incontro con Bruna Laudi riprogrammato- Unione Femminile, Tempio di Pinerolo"},"content":{"rendered":"\n<p>L&#8217;Unione Femminile comunica che, considerato il perdurare del maltempo, l&#8217;incontro previsto il 17\/04\/2025 pomeriggio con Bruna Laudi \u00e8 annullato. Bruna Laudi sar\u00e0 presente gioved\u00ec 29 maggio presso la sala del Tempio di Pinerolo.<\/p>\n\n\n\n<p>Con l&#8217;occasione l&#8217;Unione vi augura Buona Pasqua<\/p>\n","protected":false},"excerpt":{"rendered":"<p>L&#8217;Unione Femminile comunica che, considerato il perdurare del maltempo, l&#8217;incontro previsto il 17\/04\/2025 pomeriggio con Bruna Laudi \u00e8 annullato. Bruna Laudi sar\u00e0 presente gioved\u00ec 29 maggio presso la sala del<\/p>\n","protected":false},"author":35,"featured_media":0,"comment_status":"open","ping_status":"open","sticky":false,"template":"","format":"standard","meta":{"_jetpack_memberships_contains_paid_content":false,"footnotes":""},"categories":[6],"tags":[],"class_list":["post-858","post","type-post","status-publish","format-standard","hentry","category-vita-della-comunita"],"jetpack_featured_media_url":"","jetpack_sharing_enabled":true,"_links":{"self":[{"href":"https:\/\/vallivaldesi.chiesavaldese.org\/pinerolo\/wp-json\/wp\/v2\/posts\/858","targetHints":{"allow":["GET"]}}],"collection":[{"href":"https:\/\/vallivaldesi.chiesavaldese.org\/pinerolo\/wp-json\/wp\/v2\/posts"}],"about":[{"href":"https:\/\/vallivaldesi.chiesavaldese.org\/pinerolo\/wp-json\/wp\/v2\/types\/post"}],"author":[{"embeddable":true,"href":"https:\/\/vallivaldesi.chiesavaldese.org\/pinerolo\/wp-json\/wp\/v2\/users\/35"}],"replies":[{"embeddable":true,"href":"https:\/\/vallivaldesi.chiesavaldese.org\/pinerolo\/wp-json\/wp\/v2\/comments?post=858"}],"version-history":[{"count":1,"href":"https:\/\/vallivaldesi.chiesavaldese.org\/pinerolo\/wp-json\/wp\/v2\/posts\/858\/revisions"}],"predecessor-version":[{"id":859,"href":"https:\/\/vallivaldesi.chiesavaldese.org\/pinerolo\/wp-json\/wp\/v2\/posts\/858\/revisions\/859"}],"wp:attachment":[{"href":"https:\/\/vallivaldesi.chiesavaldese.org\/pinerolo\/wp-json\/wp\/v2\/media?parent=858"}],"wp:term":[{"taxonomy":"category","embeddable":true,"href":"https:\/\/vallivaldesi.chiesavaldese.org\/pinerolo\/wp-json\/wp\/v2\/categories?post=858"},{"taxonomy":"post_tag","embeddable":true,"href":"https:\/\/vallivaldesi.chiesavaldese.org\/pinerolo\/wp-json\/wp\/v2\/tags?post=858"}],"curies":[{"name":"wp","href":"https:\/\/api.w.org\/{rel}","templated":true}]}}