{"id":746,"date":"2025-01-06T14:31:45","date_gmt":"2025-01-06T13:31:45","guid":{"rendered":"https:\/\/vallivaldesi.chiesavaldese.org\/pinerolo\/?p=746"},"modified":"2025-01-06T14:35:54","modified_gmt":"2025-01-06T13:35:54","slug":"materiali-settimana-di-preghiera-per-lunita-dei-cristiani-credi-tu-questo-18-25-gennaio-2025","status":"publish","type":"post","link":"https:\/\/vallivaldesi.chiesavaldese.org\/pinerolo\/2025\/01\/06\/materiali-settimana-di-preghiera-per-lunita-dei-cristiani-credi-tu-questo-18-25-gennaio-2025\/","title":{"rendered":"Materiali &#8211; Settimana di Preghiera per l\u2019Unit\u00e0 dei Cristiani &#8220;Credi tu questo&#8221; 18-25 gennaio 2025"},"content":{"rendered":"\n<p>La Commissione Fede e Costituzione del&nbsp;<strong>Consiglio Ecumenico delle Chie<\/strong><strong>s<\/strong><strong>e<\/strong>&nbsp;e il Dicastero per la Promozione dell\u2019Unit\u00e0 dei Cristiani (cattolico) congiuntamente hanno preparato e pubblicato i materiali liturgici per la prossima<strong>&nbsp;Settimana di preghiera per l\u2019unit\u00e0 dei cristiani&nbsp;<\/strong>(Spuc), prevista come tradizione nella settimana che va dal&nbsp;<strong>18 al 25 gennaio<\/strong>.<\/p>\n\n\n\n<p>La data \u00e8 stata proposta nel 1908 da padre&nbsp;<a href=\"https:\/\/www.fratiatonement.org\/chi-siamo\/padre-paul-wattson\/\">Paul Wattson<\/a>, vero apostolo dell\u2019unit\u00e0 e della carit\u00e0 cristiana, perch\u00e9 compresa tra la festa della cattedra di san Pietro e quella della conversione di san Paolo; assume quindi un significato simbolico. Nell\u2019emisfero sud, in cui gennaio \u00e8 periodo di vacanza, le chiese celebrano&nbsp;&nbsp;la&nbsp;&nbsp;Settimana&nbsp;&nbsp;di&nbsp;&nbsp;preghiera&nbsp;&nbsp;in&nbsp;&nbsp;altre&nbsp;&nbsp;date,&nbsp;&nbsp;per&nbsp;&nbsp;esempio&nbsp;&nbsp;nel&nbsp;&nbsp;tempo&nbsp;&nbsp;di&nbsp;&nbsp;Pentecoste&nbsp;&nbsp;(come suggerito dal movimento Fede e Costituzione nel 1926), periodo altrettanto simbolico per l\u2019unit\u00e0&nbsp;<\/p>\n\n\n\n<p>della Chiesa.<\/p>\n\n\n\n<p>\u00abConsapevoli di una tale flessibilit\u00e0 nella data della Settimana \u2013 si legge nell\u2019introduzione ai testi -, incoraggiamo i fedeli a considerare il materiale presentato in questa sede come un invito a trovare opportunit\u00e0 in tutto l\u2019arco dell\u2019anno per&nbsp;&nbsp;esprimere&nbsp;&nbsp;il&nbsp;&nbsp;grado&nbsp;&nbsp;di&nbsp;&nbsp;comunione&nbsp;&nbsp;gi\u00e0&nbsp;&nbsp;raggiunto&nbsp;&nbsp;tra&nbsp;&nbsp;le&nbsp;&nbsp;chiese&nbsp;&nbsp;e&nbsp;&nbsp;per&nbsp;&nbsp;pregare&nbsp;&nbsp;insieme&nbsp;&nbsp;per&nbsp;&nbsp;il raggiungimento della piena unit\u00e0 che \u00e8 il volere di Cristo stesso\u00bb.<\/p>\n\n\n\n<p><strong>\u201cCredi tu&nbsp;questo?\u201d<\/strong>&nbsp;da&nbsp;Giovanni 11, 26&nbsp;\u00e8 il tema della prossima Spuc: prende dunque&nbsp;spunto&nbsp;&nbsp;dal dialogo tra Ges\u00f9 e Marta, durante la visita di Ges\u00f9 alla casa di Marta e Maria a Betania, dopo la morte del loro fratello Lazzaro, come narrato dall\u2019evangelista Giovanni.<\/p>\n\n\n\n<p>Le preghiere e le riflessioni per la Settimana di preghiera per l\u2019unit\u00e0 dei cristiani del 2025 sono state redatte dai fratelli e dalle sorelle della Comunit\u00e0Monastica di Bose, nel nord Italia. Nel 2025 ricorre l\u2019anniversario dei 1700 anni del primo Concilio ecumenico dei cristiani che si tenne a Nicea,&nbsp;vicino Costantinopoli, nel 325 d.C.; \u00abquesta commemorazione offre un\u2019opportunit\u00e0 unica per riflettere&nbsp;&nbsp;e&nbsp;&nbsp;celebrare&nbsp;&nbsp;la&nbsp;&nbsp;nostra&nbsp;&nbsp;comune&nbsp;&nbsp;fede&nbsp;&nbsp;di&nbsp;&nbsp;cristiani,&nbsp;&nbsp;quale&nbsp;&nbsp;fu&nbsp;&nbsp;espressa&nbsp;&nbsp;nel&nbsp;&nbsp;Credo&nbsp;&nbsp;formulato durante quel Concilio, una fede ancora oggi viva e feconda. La Settimana di preghiera del 2025 ci&nbsp;invita ad attingere a questa eredit\u00e0 condivisa e ad entrare pi\u00f9 profondamente nella fede che ci unisce come cristiani\u00bb.<\/p>\n\n\n\n<p>Per le chiese e comunit\u00e0 cristiane che celebrano la Settimana di preghiera in una singola liturgia comune viene offerto un servizio di culto ecumenico.<\/p>\n\n\n\n<p>Le chiese e comunit\u00e0 cristiane possono anche inserire il testo della Settimana di preghiera&nbsp;&nbsp;in un servizio liturgico proprio. Le preghiere della celebrazione ecumenica della parola di Dio, gli \u201cotto giorni\u201d, nonch\u00e9 le musiche e le preghiere aggiuntive possono essere utilizzate a proprio discernimento.&nbsp;&nbsp;<\/p>\n\n\n\n<p>Le comunit\u00e0 che celebrano la Settimana di preghiera in ogni giorno dell\u2019ottavario, durante la loro preghiera, possono trarre spunti dai temi degli \u201cotto giorni\u201d.<\/p>\n\n\n\n<p>Coloro che desiderano svolgere studi&nbsp;biblici sul tema della Settimana di preghiera possono&nbsp;&nbsp;usare come base i testi e le riflessioni proposte negli \u201cotto giorni\u201d. Ogni giorno l\u2019incontro pu\u00f2 offrire l\u2019occasione per formulare preghiere di intercessione conclusive.&nbsp;<\/p>\n\n\n\n<p>Chi&nbsp;&nbsp;desidera&nbsp;&nbsp;pregare&nbsp;&nbsp;privatamente per l\u2019unit\u00e0 dei cristiani pu\u00f2 trovare utile questo testo come guida per le proprie intenzioni di preghiera. \u00abRicordiamo che ognuno di noi si trova in comunione con i credenti che pregano nelle altre parti del mondo per costruire una pi\u00f9 grande e visibile unit\u00e0 della Chiesa di Cristo\u00bb si legge ancora.<\/p>\n\n\n\n<h4 class=\"wp-block-heading\">Il Concilio di&nbsp;Nicea<\/h4>\n\n\n\n<p>Convocato dall\u2019imperatore Costantino, il Concilio di Nicea fu celebrato secondo la tradizione da 318 Padri, per lo pi\u00f9 provenienti dall\u2019oriente. La Chiesa, che stava emergendo proprio allora dalla&nbsp;&nbsp;&nbsp;clandestinit\u00e0&nbsp;&nbsp;&nbsp;e&nbsp;&nbsp;&nbsp;dalla&nbsp;&nbsp;&nbsp;persecuzione,&nbsp;&nbsp;&nbsp;cominciava&nbsp;&nbsp;a sperimentare&nbsp;&nbsp;&nbsp;quanto&nbsp;&nbsp;&nbsp;fosse&nbsp;&nbsp;&nbsp;difficile condividere la medesima fede nei diversi contesti culturali e politici dell\u2019epoca. Accordarsi sul testo&nbsp;&nbsp;del Credo signific\u00f2 definire i fondamenti essenziali comuni su cui costruire comunit\u00e0 locali che si&nbsp;&nbsp;riconoscessero&nbsp;&nbsp;come chiese sorelle, ciascuna nel rispetto delle diversit\u00e0 delle altre. Nei decenni precedenti erano sorte divergenze tra i cristiani, talvolta degenerate in gravi conflitti e dispute riguardanti svariate questioni quali: la natura di Cristo in relazione al Padre; l\u2019accordo su un\u2019unica data per celebrare la Pasqua e il suo rapporto con la Pasqua ebraica; l\u2019opposizione a opinioni teologiche considerate eretiche; la riammissione dei credenti che avevano abiurato la fede durante le persecuzioni perpetrate negli anni precedenti.<\/p>\n\n\n\n<p>Il testo del Credo approvato utilizzava la prima persona plurale: \u201cNoi crediamo\u2026\u201d, formula che sottolineava un\u2019appartenenza comune. Il Credo era costituito da tre parti, dedicate ciascuna ad una delle&nbsp;&nbsp;tre&nbsp;&nbsp;Persone&nbsp;&nbsp;della&nbsp;&nbsp;Trinit\u00e0,&nbsp;&nbsp;cui&nbsp;&nbsp;seguiva&nbsp;&nbsp;una&nbsp;&nbsp;conclusione&nbsp;&nbsp;in&nbsp;&nbsp;cui&nbsp;&nbsp;venivano&nbsp;&nbsp;condannate&nbsp;&nbsp;le affermazioni considerate eretiche. Il testo di questo Credo fu rivisto e ampliato durante il Concilio di&nbsp;&nbsp;Costantinopoli&nbsp;&nbsp;del&nbsp;&nbsp;381&nbsp;&nbsp;d.C.,&nbsp;&nbsp;in&nbsp;&nbsp;cui&nbsp;&nbsp;furono&nbsp;&nbsp;eliminate&nbsp;&nbsp;le&nbsp;&nbsp;condanne.&nbsp;&nbsp;Si&nbsp;&nbsp;raggiunse&nbsp;&nbsp;cos\u00ec&nbsp;&nbsp;quella formulazione della professione di fede che le chiese cristiane oggi riconoscono come \u201cCredo&nbsp;&nbsp;niceno&nbsp;costantinopolitano\u201d, spesso indicato semplicemente come \u201cCredo niceno\u201d.<\/p>\n\n\n\n<h4 class=\"wp-block-heading\">Dal 325 al 2025<\/h4>\n\n\n\n<p>Nonostante&nbsp;&nbsp;il&nbsp;&nbsp;Concilio&nbsp;&nbsp;di&nbsp;&nbsp;Nicea&nbsp;&nbsp;abbia&nbsp;&nbsp;stabilito&nbsp;&nbsp;il&nbsp;&nbsp;modo&nbsp;&nbsp;in&nbsp;&nbsp;cui&nbsp;&nbsp;calcolare&nbsp;&nbsp;la&nbsp;&nbsp;data&nbsp;&nbsp;della&nbsp;&nbsp;Pasqua, successive&nbsp;&nbsp;divergenze&nbsp;&nbsp;di&nbsp;&nbsp;interpretazione&nbsp;&nbsp;hanno&nbsp;&nbsp;fatto&nbsp;&nbsp;s\u00ec&nbsp;&nbsp;che&nbsp;&nbsp;spesso&nbsp;&nbsp;oriente&nbsp;&nbsp;e&nbsp;&nbsp;occidente&nbsp;&nbsp;abbiano individuato diverse date per la celebrazione pasquale. Nell\u2019attesa che la data della celebrazione pasquale torni nuovamente a coincidere ogni anno, in questo anniversario del 2025 per una felice coincidenza questa solennit\u00e0 sar\u00e0 celebrata nella stessa data sia dalle chiese di oriente che da quelle di occidente.<\/p>\n\n\n\n<p>\u00abIl significato degli eventi salvifici che tutti i cristiani celebreranno la domenica di Pasqua, 20 aprile 2025, non \u00e8 mutato con il passare di questi diciassette secoli. La Settimana di preghiera per l\u2019unit\u00e0&nbsp;&nbsp;rappresenta la possibilit\u00e0 per i cristiani di analizzare e ravvivare questa eredit\u00e0 e di riappropriarsene&nbsp;&nbsp;in modi consoni alla cultura contemporanea, nelle sue varie articolazioni, oggi ancor pi\u00f9 complesse rispetto&nbsp;&nbsp;a&nbsp;&nbsp;quelle&nbsp;&nbsp;del&nbsp;&nbsp;mondo&nbsp;&nbsp;cristiano&nbsp;&nbsp;ai&nbsp;&nbsp;tempi&nbsp;&nbsp;del&nbsp;&nbsp;Concilio&nbsp;&nbsp;di&nbsp;&nbsp;Nicea.&nbsp;&nbsp;Vivere&nbsp;&nbsp;insieme&nbsp;&nbsp;la&nbsp;&nbsp;fede apostolica non significa riaprire le controversie teologiche di allora, protrattesi nei secoli, quanto piuttosto rileggere, in atteggiamento di preghiera, i fondamenti scritturistici e le esperienze ecclesiali che hanno condotto alla celebrazione del Concilio e&nbsp;ne hanno motivato le decisioni\u00bb.<\/p>\n\n\n\n<p>tratto da Riforma.it <a href=\"https:\/\/riforma.it\/2024\/10\/08\/settimana-di-preghiera-per-lunita-dei-cristiani-i-materiali-liturgici\/\" data-type=\"URL\" data-id=\"https:\/\/riforma.it\/2024\/10\/08\/settimana-di-preghiera-per-lunita-dei-cristiani-i-materiali-liturgici\/\">https:\/\/riforma.it\/2024\/10\/08\/settimana-di-preghiera-per-lunita-dei-cristiani-i-materiali-liturgici\/<\/a><\/p>\n\n\n\n<p>Materiale scaricabile<\/p>\n\n\n\n<div data-wp-interactive=\"core\/file\" class=\"wp-block-file\"><object data-wp-bind--hidden=\"!state.hasPdfPreview\" hidden class=\"wp-block-file__embed\" data=\"https:\/\/vallivaldesi.chiesavaldese.org\/pinerolo\/wp-content\/uploads\/sites\/7\/2025\/01\/2025-IT-SPUC.pdf\" type=\"application\/pdf\" style=\"width:100%;height:600px\" aria-label=\"Incorporamento di 2025-IT-SPUC.\"><\/object><a id=\"wp-block-file--media-fcd80bf2-e4c6-4103-ac88-9c756580e9a5\" href=\"https:\/\/vallivaldesi.chiesavaldese.org\/pinerolo\/wp-content\/uploads\/sites\/7\/2025\/01\/2025-IT-SPUC.pdf\">2025-IT-SPUC<\/a><a href=\"https:\/\/vallivaldesi.chiesavaldese.org\/pinerolo\/wp-content\/uploads\/sites\/7\/2025\/01\/2025-IT-SPUC.pdf\" class=\"wp-block-file__button wp-element-button\" download aria-describedby=\"wp-block-file--media-fcd80bf2-e4c6-4103-ac88-9c756580e9a5\">Download<\/a><\/div>\n","protected":false},"excerpt":{"rendered":"<p>La Commissione Fede e Costituzione del&nbsp;Consiglio Ecumenico delle Chiese&nbsp;e il Dicastero per la Promozione dell\u2019Unit\u00e0 dei Cristiani (cattolico) congiuntamente hanno preparato e pubblicato i materiali liturgici per la prossima&nbsp;Settimana di<\/p>\n","protected":false},"author":35,"featured_media":748,"comment_status":"open","ping_status":"open","sticky":false,"template":"","format":"standard","meta":{"_jetpack_memberships_contains_paid_content":false,"footnotes":""},"categories":[1],"tags":[],"class_list":["post-746","post","type-post","status-publish","format-standard","has-post-thumbnail","hentry","category-varie"],"jetpack_featured_media_url":"https:\/\/vallivaldesi.chiesavaldese.org\/pinerolo\/wp-content\/uploads\/sites\/7\/2025\/01\/spuc2025.jpeg","jetpack_sharing_enabled":true,"_links":{"self":[{"href":"https:\/\/vallivaldesi.chiesavaldese.org\/pinerolo\/wp-json\/wp\/v2\/posts\/746","targetHints":{"allow":["GET"]}}],"collection":[{"href":"https:\/\/vallivaldesi.chiesavaldese.org\/pinerolo\/wp-json\/wp\/v2\/posts"}],"about":[{"href":"https:\/\/vallivaldesi.chiesavaldese.org\/pinerolo\/wp-json\/wp\/v2\/types\/post"}],"author":[{"embeddable":true,"href":"https:\/\/vallivaldesi.chiesavaldese.org\/pinerolo\/wp-json\/wp\/v2\/users\/35"}],"replies":[{"embeddable":true,"href":"https:\/\/vallivaldesi.chiesavaldese.org\/pinerolo\/wp-json\/wp\/v2\/comments?post=746"}],"version-history":[{"count":2,"href":"https:\/\/vallivaldesi.chiesavaldese.org\/pinerolo\/wp-json\/wp\/v2\/posts\/746\/revisions"}],"predecessor-version":[{"id":750,"href":"https:\/\/vallivaldesi.chiesavaldese.org\/pinerolo\/wp-json\/wp\/v2\/posts\/746\/revisions\/750"}],"wp:featuredmedia":[{"embeddable":true,"href":"https:\/\/vallivaldesi.chiesavaldese.org\/pinerolo\/wp-json\/wp\/v2\/media\/748"}],"wp:attachment":[{"href":"https:\/\/vallivaldesi.chiesavaldese.org\/pinerolo\/wp-json\/wp\/v2\/media?parent=746"}],"wp:term":[{"taxonomy":"category","embeddable":true,"href":"https:\/\/vallivaldesi.chiesavaldese.org\/pinerolo\/wp-json\/wp\/v2\/categories?post=746"},{"taxonomy":"post_tag","embeddable":true,"href":"https:\/\/vallivaldesi.chiesavaldese.org\/pinerolo\/wp-json\/wp\/v2\/tags?post=746"}],"curies":[{"name":"wp","href":"https:\/\/api.w.org\/{rel}","templated":true}]}}