{"id":662,"date":"2024-11-03T17:27:33","date_gmt":"2024-11-03T16:27:33","guid":{"rendered":"https:\/\/vallivaldesi.chiesavaldese.org\/pinerolo\/?p=662"},"modified":"2024-11-16T14:17:13","modified_gmt":"2024-11-16T13:17:13","slug":"incontri-con-anpi-e-donna-vita-e-liberta-14-e-15-11-2024-a-cura-di-acv-serafino-pinerolo","status":"publish","type":"post","link":"https:\/\/vallivaldesi.chiesavaldese.org\/pinerolo\/2024\/11\/03\/incontri-con-anpi-e-donna-vita-e-liberta-14-e-15-11-2024-a-cura-di-acv-serafino-pinerolo\/","title":{"rendered":"Incontri con ANPI e &#8220;Donna, vita e libert\u00e0&#8221; 14 e 15 -11- 2024 a cura di ACV Serafino, Pinerolo"},"content":{"rendered":"\n<p>I prossimi appuntamenti ad ingresso libreo a cui siete tutti\/e invitati a partecipare<\/p>\n\n\n\n<p><strong>Gioved\u00ec 14 novembre alle ore 21 al Tempio Valdese insieme all&#8217;ANPI di Pinerolo un incontro con Adelmo&nbsp;Cervi<\/strong>, figlio di Aldo Cervi, terzogenito dei sette fratelle Cervi fucilati dai fascisti a Reggio Emilia il 28 dicembre 1943.<\/p>\n\n\n\n<p>Adelmo Cervi ha scritto un libro &#8220;Io che conosco il tuo cuore. Storia di un padre partigiano raccontata da un figlio&#8221; (ediz. Piemme 2014)<\/p>\n\n\n\n<p><strong>Venerd\u00ec 15 novembre alle ore 18 alla Biblioteca Alliaudi di Pinerolo l&#8217;incontro &#8220;Donna, vita, libert\u00e0. Mahvash Sabet: versi di speranza&#8221;<\/strong>, organizzato insieme a Fidapa e Donne contro ogni guerra.<\/p>\n\n\n\n<p>Mahvash Sabet \u00e8 una poetessa iraniana incarcerata per motivi&nbsp;religiosi per la sua adesione alla religione Bahai che il regime iraniano contrasta duramente. \u00c8 stata insignita della cittadinanza onoraria della citt\u00e0 di Pinerolo. Per l&#8217;Associazione Serafino interverr\u00e0 il pastore Gianni Genre.<\/p>\n\n\n\n<figure class=\"wp-block-image size-large\"><img loading=\"lazy\" decoding=\"async\" width=\"724\" height=\"1024\" src=\"https:\/\/vallivaldesi.chiesavaldese.org\/pinerolo\/wp-content\/uploads\/sites\/7\/2024\/11\/Donna-vita-liberta-724x1024.jpeg\" alt=\"\" class=\"wp-image-676\" srcset=\"https:\/\/vallivaldesi.chiesavaldese.org\/pinerolo\/wp-content\/uploads\/sites\/7\/2024\/11\/Donna-vita-liberta-724x1024.jpeg 724w, https:\/\/vallivaldesi.chiesavaldese.org\/pinerolo\/wp-content\/uploads\/sites\/7\/2024\/11\/Donna-vita-liberta-212x300.jpeg 212w, https:\/\/vallivaldesi.chiesavaldese.org\/pinerolo\/wp-content\/uploads\/sites\/7\/2024\/11\/Donna-vita-liberta-768x1086.jpeg 768w, https:\/\/vallivaldesi.chiesavaldese.org\/pinerolo\/wp-content\/uploads\/sites\/7\/2024\/11\/Donna-vita-liberta-1086x1536.jpeg 1086w, https:\/\/vallivaldesi.chiesavaldese.org\/pinerolo\/wp-content\/uploads\/sites\/7\/2024\/11\/Donna-vita-liberta.jpeg 1131w\" sizes=\"auto, (max-width: 724px) 100vw, 724px\" \/><\/figure>\n","protected":false},"excerpt":{"rendered":"<p>I prossimi appuntamenti ad ingresso libreo a cui siete tutti\/e invitati a partecipare Gioved\u00ec 14 novembre alle ore 21 al Tempio Valdese insieme all&#8217;ANPI di Pinerolo un incontro con Adelmo&nbsp;Cervi,<\/p>\n","protected":false},"author":35,"featured_media":0,"comment_status":"open","ping_status":"open","sticky":false,"template":"","format":"standard","meta":{"_jetpack_memberships_contains_paid_content":false,"footnotes":""},"categories":[7],"tags":[],"class_list":["post-662","post","type-post","status-publish","format-standard","hentry","category-appuntamenti"],"jetpack_featured_media_url":"","jetpack_sharing_enabled":true,"_links":{"self":[{"href":"https:\/\/vallivaldesi.chiesavaldese.org\/pinerolo\/wp-json\/wp\/v2\/posts\/662","targetHints":{"allow":["GET"]}}],"collection":[{"href":"https:\/\/vallivaldesi.chiesavaldese.org\/pinerolo\/wp-json\/wp\/v2\/posts"}],"about":[{"href":"https:\/\/vallivaldesi.chiesavaldese.org\/pinerolo\/wp-json\/wp\/v2\/types\/post"}],"author":[{"embeddable":true,"href":"https:\/\/vallivaldesi.chiesavaldese.org\/pinerolo\/wp-json\/wp\/v2\/users\/35"}],"replies":[{"embeddable":true,"href":"https:\/\/vallivaldesi.chiesavaldese.org\/pinerolo\/wp-json\/wp\/v2\/comments?post=662"}],"version-history":[{"count":3,"href":"https:\/\/vallivaldesi.chiesavaldese.org\/pinerolo\/wp-json\/wp\/v2\/posts\/662\/revisions"}],"predecessor-version":[{"id":677,"href":"https:\/\/vallivaldesi.chiesavaldese.org\/pinerolo\/wp-json\/wp\/v2\/posts\/662\/revisions\/677"}],"wp:attachment":[{"href":"https:\/\/vallivaldesi.chiesavaldese.org\/pinerolo\/wp-json\/wp\/v2\/media?parent=662"}],"wp:term":[{"taxonomy":"category","embeddable":true,"href":"https:\/\/vallivaldesi.chiesavaldese.org\/pinerolo\/wp-json\/wp\/v2\/categories?post=662"},{"taxonomy":"post_tag","embeddable":true,"href":"https:\/\/vallivaldesi.chiesavaldese.org\/pinerolo\/wp-json\/wp\/v2\/tags?post=662"}],"curies":[{"name":"wp","href":"https:\/\/api.w.org\/{rel}","templated":true}]}}