{"id":623,"date":"2024-10-12T15:41:09","date_gmt":"2024-10-12T13:41:09","guid":{"rendered":"https:\/\/vallivaldesi.chiesavaldese.org\/pinerolo\/?p=623"},"modified":"2024-10-12T15:41:34","modified_gmt":"2024-10-12T13:41:34","slug":"gruppo-bibbia-e-teologia-primo-isaia-incontri-7-14-21-28-11-e-5-12-12-2024-ore-20-45-tempio-pinerolo","status":"publish","type":"post","link":"https:\/\/vallivaldesi.chiesavaldese.org\/pinerolo\/2024\/10\/12\/gruppo-bibbia-e-teologia-primo-isaia-incontri-7-14-21-28-11-e-5-12-12-2024-ore-20-45-tempio-pinerolo\/","title":{"rendered":"Gruppo Bibbia e Teologia &#8220;Primo Isaia&#8221;  incontri 7-14-21-28\/11 e 5-12\/12 2024, ore 20.45 Tempio Pinerolo"},"content":{"rendered":"\n<p class=\"has-text-align-center\">Incontri biblici a partire dal &#8220;Primo Isaia&#8221;, tutti alle 20.45 nel salone al piano terra del Tempio di Pinerolo, introdotti dal pastore Mauro Pons, dai seguenti temi:<\/p>\n\n\n\n<p><strong>7 Novembre <\/strong>&#8220;Le storie fanno la Storia: cronache varie e il caso paradigmatico di Ezechia&#8221;<\/p>\n\n\n\n<p><strong>14 Novembre<\/strong> &#8220;Non ti scordar di me: delusione o tradimento delle attese del patto tra Dio e il suo popolo?&#8221;<\/p>\n\n\n\n<p><strong>21 Novembre<\/strong> &#8220;Individuo e popolo: \u00e8 giusto che il peccato del popolo debba essere pagato anche da me? Responsabilit\u00e0 etica e morale e responsabilit\u00e0 politica&#8221;<\/p>\n\n\n\n<p><strong>28 Novembre<\/strong> &#8220;Ma un p\u00f2 di religione (culti e cerimonie sacre) non basta a rendere benevolo lo sguardo di Dio su di noi? Insomma sacerdoti datevi da fare!&#8221;<\/p>\n\n\n\n<p><strong>5 Dicembre<\/strong> &#8220;Ma una volta non si parlava di grazia e redenzione? La Chiesa sa ancora fare il suo mestiere?&#8221;<\/p>\n\n\n\n<p><strong>12 Dicembre<\/strong> &#8220;La vita al di l\u00e0 della vita, la speranza oltre la disperazione, il Regno di Dio (o dei cieli) come rifugio e porto sicuro per dei naufraghi dell&#8217;esistenza&#8221;<\/p>\n","protected":false},"excerpt":{"rendered":"<p>Incontri biblici a partire dal &#8220;Primo Isaia&#8221;, tutti alle 20.45 nel salone al piano terra del Tempio di Pinerolo, introdotti dal pastore Mauro Pons, dai seguenti temi: 7 Novembre &#8220;Le<\/p>\n","protected":false},"author":35,"featured_media":0,"comment_status":"open","ping_status":"open","sticky":false,"template":"","format":"standard","meta":{"_jetpack_memberships_contains_paid_content":false,"footnotes":""},"categories":[6],"tags":[],"class_list":["post-623","post","type-post","status-publish","format-standard","hentry","category-vita-della-comunita"],"jetpack_featured_media_url":"","jetpack_sharing_enabled":true,"_links":{"self":[{"href":"https:\/\/vallivaldesi.chiesavaldese.org\/pinerolo\/wp-json\/wp\/v2\/posts\/623","targetHints":{"allow":["GET"]}}],"collection":[{"href":"https:\/\/vallivaldesi.chiesavaldese.org\/pinerolo\/wp-json\/wp\/v2\/posts"}],"about":[{"href":"https:\/\/vallivaldesi.chiesavaldese.org\/pinerolo\/wp-json\/wp\/v2\/types\/post"}],"author":[{"embeddable":true,"href":"https:\/\/vallivaldesi.chiesavaldese.org\/pinerolo\/wp-json\/wp\/v2\/users\/35"}],"replies":[{"embeddable":true,"href":"https:\/\/vallivaldesi.chiesavaldese.org\/pinerolo\/wp-json\/wp\/v2\/comments?post=623"}],"version-history":[{"count":1,"href":"https:\/\/vallivaldesi.chiesavaldese.org\/pinerolo\/wp-json\/wp\/v2\/posts\/623\/revisions"}],"predecessor-version":[{"id":624,"href":"https:\/\/vallivaldesi.chiesavaldese.org\/pinerolo\/wp-json\/wp\/v2\/posts\/623\/revisions\/624"}],"wp:attachment":[{"href":"https:\/\/vallivaldesi.chiesavaldese.org\/pinerolo\/wp-json\/wp\/v2\/media?parent=623"}],"wp:term":[{"taxonomy":"category","embeddable":true,"href":"https:\/\/vallivaldesi.chiesavaldese.org\/pinerolo\/wp-json\/wp\/v2\/categories?post=623"},{"taxonomy":"post_tag","embeddable":true,"href":"https:\/\/vallivaldesi.chiesavaldese.org\/pinerolo\/wp-json\/wp\/v2\/tags?post=623"}],"curies":[{"name":"wp","href":"https:\/\/api.w.org\/{rel}","templated":true}]}}