{"id":494,"date":"2024-04-23T21:23:16","date_gmt":"2024-04-23T19:23:16","guid":{"rendered":"https:\/\/vallivaldesi.chiesavaldese.org\/pinerolo\/?p=494"},"modified":"2024-06-03T20:22:32","modified_gmt":"2024-06-03T18:22:32","slug":"vie-di-pace-i-corso-multidisciplinare-di-formazione-alla-nonviolenza-attiva-ucebi-dal-24-04-al-11-12-online-ore-20-30","status":"publish","type":"post","link":"https:\/\/vallivaldesi.chiesavaldese.org\/pinerolo\/2024\/04\/23\/vie-di-pace-i-corso-multidisciplinare-di-formazione-alla-nonviolenza-attiva-ucebi-dal-24-04-al-11-12-online-ore-20-30\/","title":{"rendered":"Vie di pace &#8220;I Corso multidisciplinare di formazione alla nonviolenza attiva&#8221; UCEBI dal 24-04 al 11-12 online ore 20.30"},"content":{"rendered":"\n<p><em>a cura del Gruppo di servizio degli Ambasciatori e Ambasciatrici di pace UCEBI<\/em> (Unione cristiana evangelica battista d&#8217;Italia)<\/p>\n\n\n\n<p>Carissimo e carissima,<br>vorremmo presentarti il progetto di un I Corso di formazione alla nonviolenza attiva organizzato dal Gruppo di servizio degli Ambasciatori e Ambasciatrici di pace UCEBI, gruppo che si riconosce nell&#8217;Alleanza di pace 2024, la cui sintesi alleghiamo a questa lettera.<br>L&#8217;intento non \u00e8 accademico ma testimoniale e dialogico e ha come scopo una partecipazione pi\u00f9 consapevole e mirata ai movimenti che oggi si battono per gli obiettivi indicati nel documento.<br>Il corso che \u00e8 aperto a tutti e tutte sar\u00e0 online.<br><strong>Ogni incontro inizier\u00e0 alle 20.30 <\/strong>e durer\u00e0 1 ora e 30 minuti: 30 minuti in forma di intervista o dialogo o testimonianza personale e un&#8217;ora fra domande ed eventuali gruppi di discussione.<br>La cadenza sar\u00e0 mensile a partire dal mese di aprile 2024. Sono previsti per ora 7 incontri (si sospende a luglio e agosto) ma nessuno impedisce di aggiungere altri incontri o di proporre poi un secondo corso, ove se ne avverta l&#8217;utilit\u00e0.<\/p>\n\n\n\n<p><strong>Si richiede un&#8217;iscrizione<\/strong>. Basta scrivere una mail con i vostri recapiti (nome, cognome, cell e email, eventuale appartenenza confessionale) al seguente indirizzo email: <strong>ambasciatoridipace@ucebi.org.<\/strong><\/p>\n\n\n\n<p>Gli incontri utilizzeranno la piattaforma ZOOM o Meet e saranno registrati cos\u00ec da rendere possibile agli iscritti che non riescono ad essere presenti a tutti gli incontri di vedere almeno la registrazione. Ecco il calendario degli incontri:<\/p>\n\n\n\n<ol class=\"wp-block-list\">\n<li><strong>24\/04 <\/strong><em>Gabriele Arosio <\/em>&#8211; Violenza in nome di Dio: cosa dice la Bibbia?<\/li>\n\n\n\n<li><strong>29\/05 <\/strong><em>Luca Negro e Ilaria Ciriaci <\/em>&#8211; Nonviolenza e movimento ecumenico, incontri ed esperienze<\/li>\n\n\n\n<li><strong>26\/06 <\/strong><em>Leandro Limoccia <\/em>&#8211; La lotta nonviolenta contro le mafie: una scelta di vita<\/li>\n\n\n\n<li><strong>25\/09 <\/strong><em>Marinetta Cannito <\/em>&#8211; Guarire dall&#8217;odio: il mio impegno nella trasformazione nonviolenta dei conflitti<\/li>\n\n\n\n<li><strong>30\/10 <\/strong><em>Herbert Anders e Maria Elena Laquaniti &#8211; <\/em>Violenza contro l&#8217;ambiente e contro le persone: nessi e impegno personale<\/li>\n\n\n\n<li><strong>27\/11 <\/strong><em>Stefania Polo e Mauro Gatti <\/em>&#8211; Un carcere nonviolento \u00e8 un&#8217;utopia irraggiungibile? Ci crediamo e ci battiamo per questo<\/li>\n\n\n\n<li><strong>11\/12 <\/strong><em>Peter Ciaccio <\/em>&#8211; Parole d&#8217;odio: costruire la pace a partire dal linguagio<\/li>\n<\/ol>\n\n\n\n<p><em>Il Gruppo di servizio degli Ambasciatori e ambasciatrici di pace &#8211; UCEBI<\/em><\/p>\n\n\n\n<p><strong>Un&#8217;Alleanza di pace per il 2024<\/strong><\/p>\n\n\n\n<p>Viviamo un tempo in cui la nostra umanit\u00e0 rischia il naufragio.<br>Le cause sono molte in tutti i campi: conflitti regionali possono allargarsi e divenire guerre totali, l&#8217;ecosistema vacilla per i veleni che continuiamo a riversarvi, il diritto all&#8217;esistenza di interi popoli \u00e8 violato ogni giorno e persone in fuga da fame, guerre, dittature e catastrofi naturali sono respinte e dappertutto trovano emarginazione e purtroppo anche la morte.<br>La democrazia \u00e8 spesso solo formale, le decisioni sono prese altrove, nelle holding dove la ricchezza si accumula a dismisura mentre la povert\u00e0 dilaga.<br>Anche le religioni sono sovente autocentrate se non esse stesse attive nel propagandare violenza in nome di dio, seppellendo la buona notizia della pace.<\/p>\n\n\n\n<p>Eppure ci sono persone e comunit\u00e0 in ogni luogo raggiunte e animate dall&#8217;amore di Dio, per l&#8217;umanit\u00e0 e per il creato intero. Con esse anche noi ci impegniamo a:<\/p>\n\n\n\n<p>1. Smantellare l&#8217;ideologia del nemico che alimenta ogni guerra, proclamare il diritto alla diserzione dal combattimento armato e divenire se necessario noi stessi parte di corpi di pace e di interposizione fra i contendenti.<\/p>\n\n\n\n<p>2. Contrastare il militarismo, il nazionalismo, lo sviluppo e la diffusione degli armamenti.<\/p>\n\n\n\n<p>3. Gettare ponti di pace divenendo mediatori di riconciliazione in tutti gli ambiti minacciati o dominati dalla violenza da quelli familiari a quelli lavorativi, dai condomini alle aggregazioni politiche.<\/p>\n\n\n\n<p>4. Divenire, come comunit\u00e0 di fede, luoghi dove il linguaggio scelto \u00e8 quello della nonviolenza, un modo di esprimersi che includa e non respinga, e che sveli laddove presenti, fake news, messaggi ingannevoli, propaganda, il rischio di manipolazioni, di un pensiero non libero e di totalitarismi.<\/p>\n\n\n\n<p>5. Tutelare come supremi, i diritti delle bambine e dei bambini a vivere protetti, rispettati e accolti nell&#8217;amore.<\/p>\n\n\n\n<p>6. Spendere le nostre risorse ed energie per la causa della pace utilizzando canali e banche che non investano in armamenti e in progetti che violano l&#8217;ambiente e i diritti dei pi\u00f9 poveri.<\/p>\n\n\n\n<p><em>La versione integrale della presente Alleanza 2024 \u00e8 scaricabile al seguente link: <a href=\"https:\/\/drive.google.com\/file\/d\/1fzxixb0CCJqaNzJYs3yc3nJ6M6mHEwI9\/view\">https:\/\/drive.google.com\/file\/d\/1fzxixb0CCJqaNzJYs3yc3nJ6M6mHEwI9\/view<\/a><\/em><\/p>\n\n\n\n<p>Chi fosse interessata\/o ad aderire all&#8217;Alleanza pu\u00f2 farlo mandando una mail con nome, cognome, provenienza e eventuale appartenenza di fede.<\/p>\n","protected":false},"excerpt":{"rendered":"<p>a cura del Gruppo di servizio degli Ambasciatori e Ambasciatrici di pace UCEBI (Unione cristiana evangelica battista d&#8217;Italia) Carissimo e carissima,vorremmo presentarti il progetto di un I Corso di formazione<\/p>\n","protected":false},"author":35,"featured_media":0,"comment_status":"open","ping_status":"open","sticky":false,"template":"","format":"standard","meta":{"_jetpack_memberships_contains_paid_content":false,"footnotes":""},"categories":[4],"tags":[],"class_list":["post-494","post","type-post","status-publish","format-standard","hentry","category-_net"],"jetpack_featured_media_url":"","jetpack_sharing_enabled":true,"_links":{"self":[{"href":"https:\/\/vallivaldesi.chiesavaldese.org\/pinerolo\/wp-json\/wp\/v2\/posts\/494","targetHints":{"allow":["GET"]}}],"collection":[{"href":"https:\/\/vallivaldesi.chiesavaldese.org\/pinerolo\/wp-json\/wp\/v2\/posts"}],"about":[{"href":"https:\/\/vallivaldesi.chiesavaldese.org\/pinerolo\/wp-json\/wp\/v2\/types\/post"}],"author":[{"embeddable":true,"href":"https:\/\/vallivaldesi.chiesavaldese.org\/pinerolo\/wp-json\/wp\/v2\/users\/35"}],"replies":[{"embeddable":true,"href":"https:\/\/vallivaldesi.chiesavaldese.org\/pinerolo\/wp-json\/wp\/v2\/comments?post=494"}],"version-history":[{"count":2,"href":"https:\/\/vallivaldesi.chiesavaldese.org\/pinerolo\/wp-json\/wp\/v2\/posts\/494\/revisions"}],"predecessor-version":[{"id":496,"href":"https:\/\/vallivaldesi.chiesavaldese.org\/pinerolo\/wp-json\/wp\/v2\/posts\/494\/revisions\/496"}],"wp:attachment":[{"href":"https:\/\/vallivaldesi.chiesavaldese.org\/pinerolo\/wp-json\/wp\/v2\/media?parent=494"}],"wp:term":[{"taxonomy":"category","embeddable":true,"href":"https:\/\/vallivaldesi.chiesavaldese.org\/pinerolo\/wp-json\/wp\/v2\/categories?post=494"},{"taxonomy":"post_tag","embeddable":true,"href":"https:\/\/vallivaldesi.chiesavaldese.org\/pinerolo\/wp-json\/wp\/v2\/tags?post=494"}],"curies":[{"name":"wp","href":"https:\/\/api.w.org\/{rel}","templated":true}]}}