{"id":225,"date":"2023-02-08T09:15:00","date_gmt":"2023-02-08T08:15:00","guid":{"rendered":"https:\/\/vallivaldesi.chiesavaldese.org\/pinerolo\/?p=225"},"modified":"2023-02-08T09:07:08","modified_gmt":"2023-02-08T08:07:08","slug":"appuntamenti-del-xvii-febbraio","status":"publish","type":"post","link":"https:\/\/vallivaldesi.chiesavaldese.org\/pinerolo\/2023\/02\/08\/appuntamenti-del-xvii-febbraio\/","title":{"rendered":"Appuntamenti del XVII Febbraio"},"content":{"rendered":"\n<p>La chiesa valdese di Pinerolo prevede tre momenti: la fiaccolata, il culto e un pomeriggio di dibattito <\/p>\n\n\n\n<p>La comunit\u00e0 parteciper\u00e0 al fal\u00f2 della sera del 16 febbraio insieme alla chiesa valdese di San Secondo, con ritrovo al tempio di S. Secondo alle 19,30 seguita da fiaccolata con torce elettriche o fiamme chiuse (tipo lanterne). <\/p>\n\n\n\n<p>Venerd\u00ec 17 febbraio alle 10 ci sar\u00e0 il culto nel tempio di via dei Mille, con predicazione del pastore Francesco Sciotto, presidente della Commissione Sinodale per la Diaconia. Dopo il culto, alle 12,30 si svolger\u00e0 nel salone il pranzo comunitario per il quale occorre prenotarsi.<\/p>\n\n\n\n<p>Infine dalle 17 alle 18,30, sempre nei locali del tempio, si terr\u00e0 l\u2019incontro &#8220;Sviluppo locale, bisogni, nuove progettualit\u00e0, sinergie: quale ruolo per la Chiesa Valdese e la sua Diaconia?&#8221;. Dopo l&#8217;introduzione di Paolo Zebelloni, presidente del concistoro, interverranno la diacona Alessandra Trotta, moderatora della Tavola valdese (<em>Chiese e territorio, responsabilit\u00e0 e impegno sociale<\/em>), e Francesco Sciotto (<em>Iniziative svolte sul territorio: situazione attuale, criticit\u00e0 e opportunit\u00e0<\/em>): a seguire tavola rotonda moderata da Roberto Prinzio, membro del concistoro, dal titolo &#8220;Quali bisogni oggi?&#8221; con interventi di Luca Salvai (sindaco di Pinerolo), Giancarlo Chiapello (Pastorale sociale e del lavoro della Diocesi di Pinerolo), Agnese Boni (Ciss Pinerolo), Gianluca Aimaretti (Dipartimento medicina traslazionale Uniupo)  e Loredana Grabbi (IIS Alberti-Porro Pinerolo).<\/p>\n","protected":false},"excerpt":{"rendered":"<p>La chiesa valdese di Pinerolo prevede tre momenti: la fiaccolata, il culto e un pomeriggio di dibattito La comunit\u00e0 parteciper\u00e0 al fal\u00f2 della sera del 16 febbraio insieme alla chiesa<\/p>\n","protected":false},"author":1,"featured_media":226,"comment_status":"open","ping_status":"open","sticky":false,"template":"","format":"standard","meta":{"_jetpack_memberships_contains_paid_content":false,"footnotes":""},"categories":[7],"tags":[],"class_list":["post-225","post","type-post","status-publish","format-standard","has-post-thumbnail","hentry","category-appuntamenti"],"jetpack_featured_media_url":"https:\/\/vallivaldesi.chiesavaldese.org\/pinerolo\/wp-content\/uploads\/sites\/7\/2023\/02\/17-febbraio23-pinerolo.jpeg","jetpack_sharing_enabled":true,"_links":{"self":[{"href":"https:\/\/vallivaldesi.chiesavaldese.org\/pinerolo\/wp-json\/wp\/v2\/posts\/225","targetHints":{"allow":["GET"]}}],"collection":[{"href":"https:\/\/vallivaldesi.chiesavaldese.org\/pinerolo\/wp-json\/wp\/v2\/posts"}],"about":[{"href":"https:\/\/vallivaldesi.chiesavaldese.org\/pinerolo\/wp-json\/wp\/v2\/types\/post"}],"author":[{"embeddable":true,"href":"https:\/\/vallivaldesi.chiesavaldese.org\/pinerolo\/wp-json\/wp\/v2\/users\/1"}],"replies":[{"embeddable":true,"href":"https:\/\/vallivaldesi.chiesavaldese.org\/pinerolo\/wp-json\/wp\/v2\/comments?post=225"}],"version-history":[{"count":2,"href":"https:\/\/vallivaldesi.chiesavaldese.org\/pinerolo\/wp-json\/wp\/v2\/posts\/225\/revisions"}],"predecessor-version":[{"id":228,"href":"https:\/\/vallivaldesi.chiesavaldese.org\/pinerolo\/wp-json\/wp\/v2\/posts\/225\/revisions\/228"}],"wp:featuredmedia":[{"embeddable":true,"href":"https:\/\/vallivaldesi.chiesavaldese.org\/pinerolo\/wp-json\/wp\/v2\/media\/226"}],"wp:attachment":[{"href":"https:\/\/vallivaldesi.chiesavaldese.org\/pinerolo\/wp-json\/wp\/v2\/media?parent=225"}],"wp:term":[{"taxonomy":"category","embeddable":true,"href":"https:\/\/vallivaldesi.chiesavaldese.org\/pinerolo\/wp-json\/wp\/v2\/categories?post=225"},{"taxonomy":"post_tag","embeddable":true,"href":"https:\/\/vallivaldesi.chiesavaldese.org\/pinerolo\/wp-json\/wp\/v2\/tags?post=225"}],"curies":[{"name":"wp","href":"https:\/\/api.w.org\/{rel}","templated":true}]}}