{"id":908,"date":"2026-09-06T19:11:16","date_gmt":"2026-09-06T17:11:16","guid":{"rendered":"https:\/\/vallivaldesi.chiesavaldese.org\/luserna-san-giovanni\/?p=908"},"modified":"2026-09-06T19:28:24","modified_gmt":"2026-09-06T17:28:24","slug":"luserna-san-giovanni-riprende-il-laboratorio-teologico","status":"publish","type":"post","link":"https:\/\/vallivaldesi.chiesavaldese.org\/luserna-san-giovanni\/2026\/09\/06\/luserna-san-giovanni-riprende-il-laboratorio-teologico\/","title":{"rendered":"Luserna San Giovanni: riprende il &#8220;laboratorio teologico&#8221;"},"content":{"rendered":"\n<p><strong>Sabato 12 settembre<\/strong>, alle ore <strong>16.30<\/strong>, presso la <strong>cascina Pavarin<\/strong> (via Marconi 2, Luserna San Giovanni), riprender\u00e0 l&#8217;esperienza del &#8220;<strong>laboratorio teologico<\/strong>&#8220;, avviata all&#8217;inizio di quest&#8217;anno 2026. Il gruppo che si former\u00e0, lavorer\u00e0 a partire dai temi proposti dal testo della pastora <strong>Letizia Tomassone: &#8220;Crisi ambientale ed etica. Un nuovo cima di giustizia&#8221;<\/strong> (Claudiana, 2015), in un percorso che va dal pensiero di Calvino agli ecofemminismi.<\/p>\n\n\n\n<p>Gli organizzatori invitano i partecipanti a portare con s\u00e9 la Bibbia. <\/p>\n\n\n\n<p>L\u2019autrice Letizia Tomassone descrive cos\u00ec il proprio lavoro sul sito di <strong>Claudiana editrice<\/strong>:<\/p>\n\n\n\n<p>\u00bb<em>Con la ricerca che sfocia in questo libro, ho voluto dare pi\u00f9 sistematicit\u00e0 al senso di interconnessione con la natura e il pianeta e fornire qualche strumento di discussione in pi\u00f9 alle comunit\u00e0 cristiane che cercano di praticare una fede che faccia la differenza nella sostenibilit\u00e0 sociale, sul piano della giustizia, dell&#8217;ambiente e delle relazioni tra uomini e donne<\/em>.\u00bb<\/p>\n\n\n\n<p>Gaetano Toro<\/p>\n","protected":false},"excerpt":{"rendered":"<p>Sabato 12 settembre, alle ore 16.30, presso la cascina Pavarin (via Marconi 2, Luserna San Giovanni), riprender\u00e0 l&#8217;esperienza del &#8220;laboratorio teologico&#8220;, avviata all&#8217;inizio di quest&#8217;anno 2026. Il gruppo che si<\/p>\n","protected":false},"author":41,"featured_media":0,"comment_status":"open","ping_status":"open","sticky":false,"template":"","format":"standard","meta":{"_jetpack_memberships_contains_paid_content":false,"footnotes":""},"categories":[3],"tags":[42,8],"class_list":["post-908","post","type-post","status-publish","format-standard","hentry","category-appuntamenti","tag-laboratorioteologico","tag-luserna-san-giovanni"],"jetpack_featured_media_url":"","jetpack_sharing_enabled":true,"_links":{"self":[{"href":"https:\/\/vallivaldesi.chiesavaldese.org\/luserna-san-giovanni\/wp-json\/wp\/v2\/posts\/908","targetHints":{"allow":["GET"]}}],"collection":[{"href":"https:\/\/vallivaldesi.chiesavaldese.org\/luserna-san-giovanni\/wp-json\/wp\/v2\/posts"}],"about":[{"href":"https:\/\/vallivaldesi.chiesavaldese.org\/luserna-san-giovanni\/wp-json\/wp\/v2\/types\/post"}],"author":[{"embeddable":true,"href":"https:\/\/vallivaldesi.chiesavaldese.org\/luserna-san-giovanni\/wp-json\/wp\/v2\/users\/41"}],"replies":[{"embeddable":true,"href":"https:\/\/vallivaldesi.chiesavaldese.org\/luserna-san-giovanni\/wp-json\/wp\/v2\/comments?post=908"}],"version-history":[{"count":8,"href":"https:\/\/vallivaldesi.chiesavaldese.org\/luserna-san-giovanni\/wp-json\/wp\/v2\/posts\/908\/revisions"}],"predecessor-version":[{"id":919,"href":"https:\/\/vallivaldesi.chiesavaldese.org\/luserna-san-giovanni\/wp-json\/wp\/v2\/posts\/908\/revisions\/919"}],"wp:attachment":[{"href":"https:\/\/vallivaldesi.chiesavaldese.org\/luserna-san-giovanni\/wp-json\/wp\/v2\/media?parent=908"}],"wp:term":[{"taxonomy":"category","embeddable":true,"href":"https:\/\/vallivaldesi.chiesavaldese.org\/luserna-san-giovanni\/wp-json\/wp\/v2\/categories?post=908"},{"taxonomy":"post_tag","embeddable":true,"href":"https:\/\/vallivaldesi.chiesavaldese.org\/luserna-san-giovanni\/wp-json\/wp\/v2\/tags?post=908"}],"curies":[{"name":"wp","href":"https:\/\/api.w.org\/{rel}","templated":true}]}}