{"id":85,"date":"2025-04-15T15:00:52","date_gmt":"2025-04-15T13:00:52","guid":{"rendered":"https:\/\/vallivaldesi.chiesavaldese.org\/luserna-san-giovanni\/?p=85"},"modified":"2025-04-15T15:02:32","modified_gmt":"2025-04-15T13:02:32","slug":"culto-allalba","status":"publish","type":"post","link":"https:\/\/vallivaldesi.chiesavaldese.org\/luserna-san-giovanni\/2025\/04\/15\/culto-allalba\/","title":{"rendered":"Culto all&#8217;alba"},"content":{"rendered":"\n<p>La chiesa valdese di <strong>Luserna San Giovanni<\/strong> propone anche per questa Pasqua 2025 il &#8220;Culto all\u2019alba&#8221;.<\/p>\n\n\n\n<p>L&#8217;appuntamento \u00e8 per domenica 20 aprile alle ore 6 al Cimitero dei Jall\u00e0, per un momento di culto condiviso, cui seguir\u00e0 la colazione alla sala Beckwith e poi alle 10 il culto nel tempio del Bellonatti.<\/p>\n\n\n\n<p><\/p>\n\n\n\n<p><\/p>\n","protected":false},"excerpt":{"rendered":"<p>Domenica 20 aprile culto alle 6 del mattino al cimitero dei Jall\u00e0 a Luserna San Giovanni<\/p>\n","protected":false},"author":4,"featured_media":86,"comment_status":"open","ping_status":"open","sticky":false,"template":"","format":"standard","meta":{"_jetpack_memberships_contains_paid_content":false,"footnotes":""},"categories":[3],"tags":[6,8,7],"class_list":["post-85","post","type-post","status-publish","format-standard","has-post-thumbnail","hentry","category-appuntamenti","tag-culto-allalba","tag-luserna-san-giovanni","tag-pasqua"],"jetpack_featured_media_url":"https:\/\/vallivaldesi.chiesavaldese.org\/luserna-san-giovanni\/wp-content\/uploads\/sites\/4\/2025\/04\/WhatsApp-Image-2025-04-15-at-14.15.12.jpeg","jetpack_sharing_enabled":true,"_links":{"self":[{"href":"https:\/\/vallivaldesi.chiesavaldese.org\/luserna-san-giovanni\/wp-json\/wp\/v2\/posts\/85","targetHints":{"allow":["GET"]}}],"collection":[{"href":"https:\/\/vallivaldesi.chiesavaldese.org\/luserna-san-giovanni\/wp-json\/wp\/v2\/posts"}],"about":[{"href":"https:\/\/vallivaldesi.chiesavaldese.org\/luserna-san-giovanni\/wp-json\/wp\/v2\/types\/post"}],"author":[{"embeddable":true,"href":"https:\/\/vallivaldesi.chiesavaldese.org\/luserna-san-giovanni\/wp-json\/wp\/v2\/users\/4"}],"replies":[{"embeddable":true,"href":"https:\/\/vallivaldesi.chiesavaldese.org\/luserna-san-giovanni\/wp-json\/wp\/v2\/comments?post=85"}],"version-history":[{"count":1,"href":"https:\/\/vallivaldesi.chiesavaldese.org\/luserna-san-giovanni\/wp-json\/wp\/v2\/posts\/85\/revisions"}],"predecessor-version":[{"id":87,"href":"https:\/\/vallivaldesi.chiesavaldese.org\/luserna-san-giovanni\/wp-json\/wp\/v2\/posts\/85\/revisions\/87"}],"wp:featuredmedia":[{"embeddable":true,"href":"https:\/\/vallivaldesi.chiesavaldese.org\/luserna-san-giovanni\/wp-json\/wp\/v2\/media\/86"}],"wp:attachment":[{"href":"https:\/\/vallivaldesi.chiesavaldese.org\/luserna-san-giovanni\/wp-json\/wp\/v2\/media?parent=85"}],"wp:term":[{"taxonomy":"category","embeddable":true,"href":"https:\/\/vallivaldesi.chiesavaldese.org\/luserna-san-giovanni\/wp-json\/wp\/v2\/categories?post=85"},{"taxonomy":"post_tag","embeddable":true,"href":"https:\/\/vallivaldesi.chiesavaldese.org\/luserna-san-giovanni\/wp-json\/wp\/v2\/tags?post=85"}],"curies":[{"name":"wp","href":"https:\/\/api.w.org\/{rel}","templated":true}]}}