{"id":422,"date":"2025-12-24T10:28:22","date_gmt":"2025-12-24T09:28:22","guid":{"rendered":"https:\/\/vallivaldesi.chiesavaldese.org\/luserna-san-giovanni\/?p=422"},"modified":"2025-12-27T23:15:33","modified_gmt":"2025-12-27T22:15:33","slug":"musiche-da-film-al-tempio-il-6-gennaio","status":"publish","type":"post","link":"https:\/\/vallivaldesi.chiesavaldese.org\/luserna-san-giovanni\/2025\/12\/24\/musiche-da-film-al-tempio-il-6-gennaio\/","title":{"rendered":"6 gennaio: &#8220;Musica da film&#8221; al tempio di Luserna San Giovanni"},"content":{"rendered":"\n<p class=\"has-text-align-justify\"><strong>Sogni e visioni della musica da film<\/strong>, \u00e8 il concerto (ad ingresso libero) che<strong> marted\u00ec 6 gennaio 2026<\/strong> alle <strong>ore 17.00<\/strong> si terr\u00e0 presso il <strong>tempio<\/strong>  <strong>valdese di Luserna San Giovanni<\/strong>: <strong>Mozart, Rota e Morricone <\/strong>sono solo alcuni degli autori delle musiche che si potranno ascoltare, cos\u00ec come quelle tratte dai film <em>Il padrino, Schindler&#8217;s List<\/em> e<em> Forrest Gump<\/em>, alcune delle colonne sonore che saranno proposte da un terzetto composto da<strong> Elena Cornacchia<\/strong> (flauto), <strong>Giorgio Costa <\/strong>(pianoforte) e<strong> Bruno Gambarotta<\/strong> (voce narrante). <\/p>\n","protected":false},"excerpt":{"rendered":"<p>Sogni e visioni della musica da film, \u00e8 il concerto (ad ingresso libero) che marted\u00ec 6 gennaio 2026 alle ore 17.00 si terr\u00e0 presso il tempio valdese di Luserna San<\/p>\n","protected":false},"author":41,"featured_media":423,"comment_status":"open","ping_status":"open","sticky":false,"template":"","format":"standard","meta":{"_jetpack_memberships_contains_paid_content":false,"footnotes":""},"categories":[3],"tags":[45,8],"class_list":["post-422","post","type-post","status-publish","format-standard","has-post-thumbnail","hentry","category-appuntamenti","tag-concerti","tag-luserna-san-giovanni"],"jetpack_featured_media_url":"https:\/\/vallivaldesi.chiesavaldese.org\/luserna-san-giovanni\/wp-content\/uploads\/sites\/4\/2025\/12\/6-gen-26-.jpeg","jetpack_sharing_enabled":true,"_links":{"self":[{"href":"https:\/\/vallivaldesi.chiesavaldese.org\/luserna-san-giovanni\/wp-json\/wp\/v2\/posts\/422","targetHints":{"allow":["GET"]}}],"collection":[{"href":"https:\/\/vallivaldesi.chiesavaldese.org\/luserna-san-giovanni\/wp-json\/wp\/v2\/posts"}],"about":[{"href":"https:\/\/vallivaldesi.chiesavaldese.org\/luserna-san-giovanni\/wp-json\/wp\/v2\/types\/post"}],"author":[{"embeddable":true,"href":"https:\/\/vallivaldesi.chiesavaldese.org\/luserna-san-giovanni\/wp-json\/wp\/v2\/users\/41"}],"replies":[{"embeddable":true,"href":"https:\/\/vallivaldesi.chiesavaldese.org\/luserna-san-giovanni\/wp-json\/wp\/v2\/comments?post=422"}],"version-history":[{"count":7,"href":"https:\/\/vallivaldesi.chiesavaldese.org\/luserna-san-giovanni\/wp-json\/wp\/v2\/posts\/422\/revisions"}],"predecessor-version":[{"id":435,"href":"https:\/\/vallivaldesi.chiesavaldese.org\/luserna-san-giovanni\/wp-json\/wp\/v2\/posts\/422\/revisions\/435"}],"wp:featuredmedia":[{"embeddable":true,"href":"https:\/\/vallivaldesi.chiesavaldese.org\/luserna-san-giovanni\/wp-json\/wp\/v2\/media\/423"}],"wp:attachment":[{"href":"https:\/\/vallivaldesi.chiesavaldese.org\/luserna-san-giovanni\/wp-json\/wp\/v2\/media?parent=422"}],"wp:term":[{"taxonomy":"category","embeddable":true,"href":"https:\/\/vallivaldesi.chiesavaldese.org\/luserna-san-giovanni\/wp-json\/wp\/v2\/categories?post=422"},{"taxonomy":"post_tag","embeddable":true,"href":"https:\/\/vallivaldesi.chiesavaldese.org\/luserna-san-giovanni\/wp-json\/wp\/v2\/tags?post=422"}],"curies":[{"name":"wp","href":"https:\/\/api.w.org\/{rel}","templated":true}]}}