{"id":296,"date":"2025-11-21T17:19:04","date_gmt":"2025-11-21T16:19:04","guid":{"rendered":"https:\/\/vallivaldesi.chiesavaldese.org\/luserna-san-giovanni\/?p=296"},"modified":"2025-11-21T18:04:29","modified_gmt":"2025-11-21T17:04:29","slug":"domenica-30-novembre-il-mercatino-di-natale-alla-cascina-pavarin","status":"publish","type":"post","link":"https:\/\/vallivaldesi.chiesavaldese.org\/luserna-san-giovanni\/2025\/11\/21\/domenica-30-novembre-il-mercatino-di-natale-alla-cascina-pavarin\/","title":{"rendered":"Domenica 30 novembre, il &#8220;Mercatino di Natale&#8221; alla Cascina Pavarin"},"content":{"rendered":"\n<p class=\"has-text-align-justify\">Anche a <strong>Luserna San Giovanni<\/strong>, come in molte altre comunit\u00e0, <em>&#8220;non c&#8217;\u00e8 Avvento, non c&#8217;\u00e8 Natale, senza bazar<\/em>&#8220;: l&#8217;appuntamento per il <strong>Mercatino di Natale<\/strong> \u00e8 per domenica <strong>30 novembre<\/strong> alla <strong>Cascina Pavarin<\/strong> (via Marconi, 2), <strong>dalle ore 14.30<\/strong> <strong>alle ore 17.30<\/strong>. Come sempre variegata l&#8217;offerta proposta: dal<em> Gruppo cucito<\/em> che presenter\u00e0 i propri manufatti, ai calendari per l&#8217;Avvento, ai biglietti augurali, alle decorazioni natalizie, ad un banco di libri e ad altre idee regalo. Non mancheranno, come da tradizione, alcuni momenti musicali offerti dalle <em>Corali valdesi<\/em> di Luserna San Giovanni e di Torre Pellice e dalla<em> Scuola domenicale.<\/em> Il tutto &#8220;condito&#8221; dalla possibilit\u00e0 di gustare una merenda e magari riscaldarsi con un vin brul\u00e9, ma soprattutto dalla possibilit\u00e0 di trascorrere un pomeriggio in compagnia. <\/p>\n\n\n\n<p><\/p>\n","protected":false},"excerpt":{"rendered":"<p>Anche a Luserna San Giovanni, come in molte altre comunit\u00e0, &#8220;non c&#8217;\u00e8 Avvento, non c&#8217;\u00e8 Natale, senza bazar&#8220;: l&#8217;appuntamento per il Mercatino di Natale \u00e8 per domenica 30 novembre alla<\/p>\n","protected":false},"author":41,"featured_media":297,"comment_status":"open","ping_status":"open","sticky":false,"template":"","format":"standard","meta":{"_jetpack_memberships_contains_paid_content":false,"footnotes":""},"categories":[3],"tags":[29,8],"class_list":["post-296","post","type-post","status-publish","format-standard","has-post-thumbnail","hentry","category-appuntamenti","tag-bazaravvento","tag-luserna-san-giovanni"],"jetpack_featured_media_url":"https:\/\/vallivaldesi.chiesavaldese.org\/luserna-san-giovanni\/wp-content\/uploads\/sites\/4\/2025\/11\/WhatsApp-Image-2025-11-21-at-11.28.00-1-pdf.jpg","jetpack_sharing_enabled":true,"_links":{"self":[{"href":"https:\/\/vallivaldesi.chiesavaldese.org\/luserna-san-giovanni\/wp-json\/wp\/v2\/posts\/296","targetHints":{"allow":["GET"]}}],"collection":[{"href":"https:\/\/vallivaldesi.chiesavaldese.org\/luserna-san-giovanni\/wp-json\/wp\/v2\/posts"}],"about":[{"href":"https:\/\/vallivaldesi.chiesavaldese.org\/luserna-san-giovanni\/wp-json\/wp\/v2\/types\/post"}],"author":[{"embeddable":true,"href":"https:\/\/vallivaldesi.chiesavaldese.org\/luserna-san-giovanni\/wp-json\/wp\/v2\/users\/41"}],"replies":[{"embeddable":true,"href":"https:\/\/vallivaldesi.chiesavaldese.org\/luserna-san-giovanni\/wp-json\/wp\/v2\/comments?post=296"}],"version-history":[{"count":6,"href":"https:\/\/vallivaldesi.chiesavaldese.org\/luserna-san-giovanni\/wp-json\/wp\/v2\/posts\/296\/revisions"}],"predecessor-version":[{"id":305,"href":"https:\/\/vallivaldesi.chiesavaldese.org\/luserna-san-giovanni\/wp-json\/wp\/v2\/posts\/296\/revisions\/305"}],"wp:featuredmedia":[{"embeddable":true,"href":"https:\/\/vallivaldesi.chiesavaldese.org\/luserna-san-giovanni\/wp-json\/wp\/v2\/media\/297"}],"wp:attachment":[{"href":"https:\/\/vallivaldesi.chiesavaldese.org\/luserna-san-giovanni\/wp-json\/wp\/v2\/media?parent=296"}],"wp:term":[{"taxonomy":"category","embeddable":true,"href":"https:\/\/vallivaldesi.chiesavaldese.org\/luserna-san-giovanni\/wp-json\/wp\/v2\/categories?post=296"},{"taxonomy":"post_tag","embeddable":true,"href":"https:\/\/vallivaldesi.chiesavaldese.org\/luserna-san-giovanni\/wp-json\/wp\/v2\/tags?post=296"}],"curies":[{"name":"wp","href":"https:\/\/api.w.org\/{rel}","templated":true}]}}